{"id":25657,"date":"2021-08-30T13:11:43","date_gmt":"2021-08-30T16:11:43","guid":{"rendered":"https:\/\/infovera.com.ar\/web\/?p=25657"},"modified":"2021-08-30T13:11:43","modified_gmt":"2021-08-30T16:11:43","slug":"despiste-sin-consecuencias-graves-para-una-mujer-y-su-hijo","status":"publish","type":"post","link":"https:\/\/infovera.com.ar\/web\/2021\/08\/30\/despiste-sin-consecuencias-graves-para-una-mujer-y-su-hijo\/","title":{"rendered":"Despiste sin consecuencias graves para una mujer y su hijo"},"content":{"rendered":"<p><strong>Personal policial de la Secci\u00f3n Comando Radioel\u00e9ctrico siendo las 17 horas de fecha 28\/08\/2021 son comisionados Ruta Nacional Nro. 11, km 723,<\/strong> a ra\u00edz de un accidente de transito, por causas que se tratan de establecer; sin intervenci\u00f3n de terceros, una mujer, mayor de edad, conductora de un autom\u00f3vil PEUGEOT 208, perdi\u00f3 el control de<br \/>\nveh\u00edculo incrust\u00e1ndose en un zanj\u00f3n.<\/p>\n<p>Al momento del siniestro iba acompa\u00f1ada por su hijo, de 4 a\u00f1os. Fueron trasladados al Hospital de Vera para su atenci\u00f3n m\u00e9dica.<\/p>\n<p><img loading=\"lazy\" decoding=\"async\" class=\" wp-image-22351 aligncenter\" src=\"https:\/\/infovera.com.ar\/web\/wp-content\/uploads\/2021\/06\/ACOSTA-3-300x54.jpg\" alt=\"\" width=\"778\" height=\"140\" srcset=\"https:\/\/infovera.com.ar\/web\/wp-content\/uploads\/2021\/06\/ACOSTA-3-300x54.jpg 300w, https:\/\/infovera.com.ar\/web\/wp-content\/uploads\/2021\/06\/ACOSTA-3.jpg 670w\" sizes=\"auto, (max-width: 778px) 100vw, 778px\" \/><\/p>\n","protected":false},"excerpt":{"rendered":"<p>Personal policial de la Secci\u00f3n Comando Radioel\u00e9ctrico siendo las 17 horas de fecha 28\/08\/2021 son comisionados Ruta Nacional Nro. 11, km 723, a ra\u00edz de un accidente de transito, por causas que se tratan de establecer; sin intervenci\u00f3n de terceros, una mujer, mayor de edad, conductora de un autom\u00f3vil PEUGEOT 208, perdi\u00f3 el control de [&hellip;]<\/p>\n","protected":false},"author":3,"featured_media":25661,"comment_status":"open","ping_status":"open","sticky":false,"template":"","format":"standard","meta":{"_joinchat":[],"footnotes":""},"categories":[30,53],"tags":[],"class_list":{"0":"post-25657","1":"post","2":"type-post","3":"status-publish","4":"format-standard","5":"has-post-thumbnail","7":"category-policiales","8":"category-vera"},"_links":{"self":[{"href":"https:\/\/infovera.com.ar\/web\/wp-json\/wp\/v2\/posts\/25657","targetHints":{"allow":["GET"]}}],"collection":[{"href":"https:\/\/infovera.com.ar\/web\/wp-json\/wp\/v2\/posts"}],"about":[{"href":"https:\/\/infovera.com.ar\/web\/wp-json\/wp\/v2\/types\/post"}],"author":[{"embeddable":true,"href":"https:\/\/infovera.com.ar\/web\/wp-json\/wp\/v2\/users\/3"}],"replies":[{"embeddable":true,"href":"https:\/\/infovera.com.ar\/web\/wp-json\/wp\/v2\/comments?post=25657"}],"version-history":[{"count":0,"href":"https:\/\/infovera.com.ar\/web\/wp-json\/wp\/v2\/posts\/25657\/revisions"}],"wp:featuredmedia":[{"embeddable":true,"href":"https:\/\/infovera.com.ar\/web\/wp-json\/wp\/v2\/media\/25661"}],"wp:attachment":[{"href":"https:\/\/infovera.com.ar\/web\/wp-json\/wp\/v2\/media?parent=25657"}],"wp:term":[{"taxonomy":"category","embeddable":true,"href":"https:\/\/infovera.com.ar\/web\/wp-json\/wp\/v2\/categories?post=25657"},{"taxonomy":"post_tag","embeddable":true,"href":"https:\/\/infovera.com.ar\/web\/wp-json\/wp\/v2\/tags?post=25657"}],"curies":[{"name":"wp","href":"https:\/\/api.w.org\/{rel}","templated":true}]}}