{"id":25579,"date":"2021-08-27T10:47:15","date_gmt":"2021-08-27T13:47:15","guid":{"rendered":"https:\/\/infovera.com.ar\/web\/?p=25579"},"modified":"2021-08-27T10:47:15","modified_gmt":"2021-08-27T13:47:15","slug":"diputados-aprobo-la-creacion-del-cuerpo-provincial-de-guardaparques","status":"publish","type":"post","link":"https:\/\/infovera.com.ar\/web\/2021\/08\/27\/diputados-aprobo-la-creacion-del-cuerpo-provincial-de-guardaparques\/","title":{"rendered":"Diputados aprob\u00f3 la creaci\u00f3n del Cuerpo Provincial de Guardaparques"},"content":{"rendered":"<p><strong>Actuar\u00e1n en la custodia de los recursos naturales en todo el territorio santafesino y en especial en las \u00c1reas Naturales Protegidas. La iniciativa es del diputado Esteban Lenci.<\/strong><\/p>\n<p>Durante la sesi\u00f3n de hoy en la Legislatura Provincial obtuvo media sanci\u00f3n la iniciativa del diputado Esteban Lenci para la creaci\u00f3n del Cuerpo Provincial de Guardaparques (CUPROG), que tendr\u00e1 la finalidad de actuar en la custodia de los recursos naturales en todo el territorio santafesino y en especial en las \u00c1reas Naturales Protegidas. Entre sus tareas fundamentales se encuentra el trabajo en la conservaci\u00f3n y preservaci\u00f3n de las mismas y la vigilancia del cumplimiento de la normativa ambiental.<\/p>\n<p>\u201cDesde la provincia de Santa Fe no podemos menos que impulsar cambios que nos permitan avanzar hacia un medio ambiente m\u00e1s sustentable y amable para todas las especies que lo habitamos\u201d, afirm\u00f3 Lenci. \u201cEn este sentido entendemos que no podemos hablar de \u00c1reas Naturales Protegidas sin un Cuerpo de Guardaparques que cuiden estos espacios, porque s\u00f3lo as\u00ed\u00a0estaremos en condiciones de asegurar la conservaci\u00f3n de las \u00e1reas protegidas y su biodiversidad\u201d, puntualiz\u00f3.<\/p>\n<p>En referencia al proyecto de su autor\u00eda, el diputado villagalvense se\u00f1al\u00f3: \u201cGracias al acompa\u00f1amiento de mis pares hoy estamos dando media sanci\u00f3n a una ley que establece las bases normativas para la creaci\u00f3n del Cuerpo Provincial de Guardaparques, que funcionar\u00e1 como un servicio civil auxiliar y dependiente del Sistema Provincial de \u00c1reas Naturales Protegidas\u201d.<\/p>\n<p>\u201cLa misi\u00f3n esencial de este Cuerpo de Guardaparques es la custodia de los recursos naturales existentes en el territorio provincial, especialmente en las \u00c1reas Naturales Protegidas, donde deber\u00e1n velar por el cumplimiento de la normativa ambiental, sobre todo de aquellas leyes que hacen a la preservaci\u00f3n, la defensa y el mejoramiento del medio ambiente\u201d, fundament\u00f3 Lenci. Tambi\u00e9n corresponde a los Guardaparques la atenci\u00f3n de las necesidades de los visitantes de las \u00e1reas bajo su custodia, ya sea educadores, gu\u00edas, int\u00e9rpretes de turismo y p\u00fablico en general.<\/p>\n<p>El diputado socialista mencion\u00f3 a su vez el Cuerpo de Guardaparques tendr\u00e1 la importante misi\u00f3n de \u201cllevar adelante el monitoreo de las \u00c1reas Protegidas y la actualizaci\u00f3n de datos relativos a su flora, fauna y recursos naturales, siendo colaboradores de las actividades cient\u00edficas que se realicen en esas \u00c1reas y tambi\u00e9n trabajando en la prevenci\u00f3n y el combate de los incendios forestales\u201d.<\/p>\n<p>Lenci tambi\u00e9n destac\u00f3 la marcha de kayaquistas que parti\u00f3 desde Rosario para pedir la pronta sanci\u00f3n de la Ley de Humedales ante el Congreso Nacional. \u201cQuienes sentimos genuina preocupaci\u00f3n por el futuro medioambiental de nuestra regi\u00f3n nos preguntamos: \u00bfqu\u00e9 estamos esperando o qu\u00e9 est\u00e1n esperando las y los legisladores nacionales que a\u00fan no acompa\u00f1an la sanci\u00f3n de esta ley?? Seamos claros: el ambiente no puede esperar m\u00e1s. Los humedales, tampoco\u201d, afirm\u00f3.<\/p>\n<p>Es importante resaltar que en la provincia de Santa Fe se aprob\u00f3 en 2003 la ley 12.175, que regula las \u00c1reas Naturales Protegidas, en la cual se prev\u00e9 la creaci\u00f3n del Cuerpo Provincial de Guardaparques, acci\u00f3n en la que sin embargo nunca se avanz\u00f3.<\/p>\n<p><strong>D\u00eda Mundial del Guardaparque<\/strong><\/p>\n<p>Durante la sesi\u00f3n de hoy tambi\u00e9n fue aprobado un proyecto del diputado Lenci en el cual se pide al Estado provincial que reconozca el d\u00eda 31 de julio como D\u00eda Mundial del Guardaparque. \u201cEsta es una fecha que se celebra en el mundo desde 2007, cuando se instituy\u00f3 al cumplirse los 15 a\u00f1os de la creaci\u00f3n de Federaci\u00f3n Internacional de Guardaparques\u201d, explic\u00f3 el legislador.<\/p>\n","protected":false},"excerpt":{"rendered":"<p>Actuar\u00e1n en la custodia de los recursos naturales en todo el territorio santafesino y en especial en las \u00c1reas Naturales Protegidas. La iniciativa es del diputado Esteban Lenci. Durante la sesi\u00f3n de hoy en la Legislatura Provincial obtuvo media sanci\u00f3n la iniciativa del diputado Esteban Lenci para la creaci\u00f3n del Cuerpo Provincial de Guardaparques (CUPROG), [&hellip;]<\/p>\n","protected":false},"author":3,"featured_media":25583,"comment_status":"open","ping_status":"open","sticky":false,"template":"","format":"standard","meta":{"_joinchat":[],"footnotes":""},"categories":[60],"tags":[],"class_list":{"0":"post-25579","1":"post","2":"type-post","3":"status-publish","4":"format-standard","5":"has-post-thumbnail","7":"category-provinciales"},"_links":{"self":[{"href":"https:\/\/infovera.com.ar\/web\/wp-json\/wp\/v2\/posts\/25579","targetHints":{"allow":["GET"]}}],"collection":[{"href":"https:\/\/infovera.com.ar\/web\/wp-json\/wp\/v2\/posts"}],"about":[{"href":"https:\/\/infovera.com.ar\/web\/wp-json\/wp\/v2\/types\/post"}],"author":[{"embeddable":true,"href":"https:\/\/infovera.com.ar\/web\/wp-json\/wp\/v2\/users\/3"}],"replies":[{"embeddable":true,"href":"https:\/\/infovera.com.ar\/web\/wp-json\/wp\/v2\/comments?post=25579"}],"version-history":[{"count":0,"href":"https:\/\/infovera.com.ar\/web\/wp-json\/wp\/v2\/posts\/25579\/revisions"}],"wp:featuredmedia":[{"embeddable":true,"href":"https:\/\/infovera.com.ar\/web\/wp-json\/wp\/v2\/media\/25583"}],"wp:attachment":[{"href":"https:\/\/infovera.com.ar\/web\/wp-json\/wp\/v2\/media?parent=25579"}],"wp:term":[{"taxonomy":"category","embeddable":true,"href":"https:\/\/infovera.com.ar\/web\/wp-json\/wp\/v2\/categories?post=25579"},{"taxonomy":"post_tag","embeddable":true,"href":"https:\/\/infovera.com.ar\/web\/wp-json\/wp\/v2\/tags?post=25579"}],"curies":[{"name":"wp","href":"https:\/\/api.w.org\/{rel}","templated":true}]}}