{"id":25561,"date":"2021-08-27T09:00:26","date_gmt":"2021-08-27T12:00:26","guid":{"rendered":"https:\/\/infovera.com.ar\/web\/?p=25561"},"modified":"2021-08-29T10:29:38","modified_gmt":"2021-08-29T13:29:38","slug":"un-menor-implicado-en-el-robo-de-herramientas","status":"publish","type":"post","link":"https:\/\/infovera.com.ar\/web\/2021\/08\/27\/un-menor-implicado-en-el-robo-de-herramientas\/","title":{"rendered":"Un menor implicado en el robo de herramientas"},"content":{"rendered":"<p><strong>En fecha 27\/08\/2021 Personal policial de la Comisaria 2da de Calchaqu\u00ed a ra\u00edz de la denuncia radicada por un vecino de ese medio, mayor de edad, quien diera cuenta que autor\/es de identidad\/es ignoradas sustrajeron diferentes herramientas de trabajo.<\/strong><\/p>\n<p>De diligencias investigativas efectuadas personal actuante se estableci\u00f3 que no ser\u00eda ajeno al il\u00edcito un joven de 15 a\u00f1os edad; quien luego de cometer el hecho ocult\u00f3 en<br \/>\nterreno bald\u00edo los objetos sustra\u00eddos, que fueron recuperados por una<br \/>\ncomisi\u00f3n policial (NETEBOOK; PARLANTES MARCA CX, COLOR NEGRO Y<br \/>\nPLATEADO, MARTILLOS CON MANGO DE MADERA Y EL RESTANTE DE<br \/>\nHIERRO EN SU TOTALIDAD, DESTORNILLADORES de diferentes tama\u00f1os;<br \/>\nTENAZA y SACA BOCADO).<\/p>\n<p>Los polic\u00edas procedieron al secuestro preventivo de los elementos reconocidos por la victima como de su propiedad; el joven luego de diligenciadas las actuaciones quedo bajo la guarda y responsabilidad de sus progenitores.<\/p>\n<p>Interviene Juzgado de Menores de la ciudad de Reconquista.<\/p>\n<p><img loading=\"lazy\" decoding=\"async\" class=\" wp-image-22351 aligncenter\" src=\"https:\/\/infovera.com.ar\/web\/wp-content\/uploads\/2021\/06\/ACOSTA-3-300x54.jpg\" alt=\"\" width=\"789\" height=\"142\" srcset=\"https:\/\/infovera.com.ar\/web\/wp-content\/uploads\/2021\/06\/ACOSTA-3-300x54.jpg 300w, https:\/\/infovera.com.ar\/web\/wp-content\/uploads\/2021\/06\/ACOSTA-3.jpg 670w\" sizes=\"auto, (max-width: 789px) 100vw, 789px\" \/><\/p>\n","protected":false},"excerpt":{"rendered":"<p>En fecha 27\/08\/2021 Personal policial de la Comisaria 2da de Calchaqu\u00ed a ra\u00edz de la denuncia radicada por un vecino de ese medio, mayor de edad, quien diera cuenta que autor\/es de identidad\/es ignoradas sustrajeron diferentes herramientas de trabajo. De diligencias investigativas efectuadas personal actuante se estableci\u00f3 que no ser\u00eda ajeno al il\u00edcito un joven [&hellip;]<\/p>\n","protected":false},"author":3,"featured_media":25563,"comment_status":"open","ping_status":"open","sticky":false,"template":"","format":"standard","meta":{"_joinchat":[],"footnotes":""},"categories":[52,30],"tags":[],"class_list":{"0":"post-25561","1":"post","2":"type-post","3":"status-publish","4":"format-standard","5":"has-post-thumbnail","7":"category-calchaqui","8":"category-policiales"},"_links":{"self":[{"href":"https:\/\/infovera.com.ar\/web\/wp-json\/wp\/v2\/posts\/25561","targetHints":{"allow":["GET"]}}],"collection":[{"href":"https:\/\/infovera.com.ar\/web\/wp-json\/wp\/v2\/posts"}],"about":[{"href":"https:\/\/infovera.com.ar\/web\/wp-json\/wp\/v2\/types\/post"}],"author":[{"embeddable":true,"href":"https:\/\/infovera.com.ar\/web\/wp-json\/wp\/v2\/users\/3"}],"replies":[{"embeddable":true,"href":"https:\/\/infovera.com.ar\/web\/wp-json\/wp\/v2\/comments?post=25561"}],"version-history":[{"count":0,"href":"https:\/\/infovera.com.ar\/web\/wp-json\/wp\/v2\/posts\/25561\/revisions"}],"wp:featuredmedia":[{"embeddable":true,"href":"https:\/\/infovera.com.ar\/web\/wp-json\/wp\/v2\/media\/25563"}],"wp:attachment":[{"href":"https:\/\/infovera.com.ar\/web\/wp-json\/wp\/v2\/media?parent=25561"}],"wp:term":[{"taxonomy":"category","embeddable":true,"href":"https:\/\/infovera.com.ar\/web\/wp-json\/wp\/v2\/categories?post=25561"},{"taxonomy":"post_tag","embeddable":true,"href":"https:\/\/infovera.com.ar\/web\/wp-json\/wp\/v2\/tags?post=25561"}],"curies":[{"name":"wp","href":"https:\/\/api.w.org\/{rel}","templated":true}]}}