{"id":25553,"date":"2021-08-26T21:33:15","date_gmt":"2021-08-27T00:33:15","guid":{"rendered":"https:\/\/infovera.com.ar\/web\/?p=25553"},"modified":"2021-08-26T21:33:15","modified_gmt":"2021-08-27T00:33:15","slug":"la-provincia-elaboro-un-protocolo-para-denuncias-por-violencia-de-genero-contra-personal-policial","status":"publish","type":"post","link":"https:\/\/infovera.com.ar\/web\/2021\/08\/26\/la-provincia-elaboro-un-protocolo-para-denuncias-por-violencia-de-genero-contra-personal-policial\/","title":{"rendered":"La provincia elabor\u00f3 un protocolo para denuncias por violencia de g\u00e9nero contra personal policial"},"content":{"rendered":"<p>El gobierno provincial, a trav\u00e9s del Ministerio de Seguridad, elabor\u00f3 una gu\u00eda de actuaci\u00f3n para el personal que integra el Departamento Judicial (D5), Divisiones de Judiciales de las Unidades Regionales y Secci\u00f3n Sumarios Administrativos de la Polic\u00eda de la provincia, destinado a la recepci\u00f3n y registro de denuncias por violencia de g\u00e9nero contra personal policial.<\/p>\n<p>La iniciativa forma parte de una serie de acciones emprendidas desde el Ministerio de Seguridad, tales como la creaci\u00f3n de la \u201cDivisi\u00f3n Especializada en Violencia de G\u00e9nero\u201d, en el \u00e1mbito de la Agencia de Control Policial y su correspondiente protocolo de actuaci\u00f3n; y el \u201cProtocolo de cooperaci\u00f3n para la recepci\u00f3n de denuncias contra integrantes del sistema policial\u201d, en cooperaci\u00f3n con el Ministerio P\u00fablico Fiscal y los Centros Territoriales de Denuncias.<\/p>\n<p>Estas medidas apuntan a estandarizar y uniformizar los criterios de intervenci\u00f3n de las distintas \u00e1reas que intervienen ante estas situaciones, as\u00ed como generar circuitos precisos en el \u00e1mbito policial para la investigaci\u00f3n y sanci\u00f3n de los hechos de violencia y\/o discriminaci\u00f3n, en caso de que denuncien a un personal policial.<\/p>\n<p><strong>RESPUESTA A UNA PROBLEM\u00c1TICA FUNDAMENTAL<\/strong><\/p>\n<p>Al respecto la subsecretaria de Bienestar y G\u00e9nero en la Polic\u00eda, Natacha Guala, afirm\u00f3 que \u201cestamos decididos a avanzar con hechos concretos para dar respuesta a una problem\u00e1tica fundamental, como es la violencia de g\u00e9nero en la Polic\u00eda. La instituci\u00f3n tiene una responsabilidad diferencial por el rol que cumplen sus integrantes en la sociedad pero, tambi\u00e9n, por la tenencia y el uso de armas. Estas herramientas van a permitir ordenar, clarificar y agilizar la intervenci\u00f3n en casos en que el denunciado forme parte de la Polic\u00eda santafesina\u201d, precis\u00f3.<\/p>\n<p>Asimismo, Guala explic\u00f3 que \u201cestas acciones plantean pautas espec\u00edficas para el abordaje de las situaciones de violencia de g\u00e9nero, tanto en la recepci\u00f3n y acompa\u00f1amiento de quienes las padecen, como en los criterios con los cuales evaluar a quienes han sido denunciados como agresores. La correcta intervenci\u00f3n frente a estas violencias depende de una articulaci\u00f3n aceitada entre todas las dependencias que act\u00faan a lo largo del proceso, y constituyen herramientas concretas para que cada actor institucional contribuya a la respuesta integral que estas situaciones requieren&#8221;, concluy\u00f3.<\/p>\n<p>En tanto, la directora de G\u00e9nero en la Polic\u00eda, Noelia Figueroa, sostuvo que \u201cesta gu\u00eda establece un punto de partida para los abordajes de las situaciones de violencia de g\u00e9nero en las que el denunciado es personal policial; y criterios y pautas claras de atenci\u00f3n, que permiten tomar las medidas adecuadas con la debida diligencia ante estas situaciones. Se trata de un paso para la adecuaci\u00f3n institucional a las normativas nacionales e internacionales y para la prevenci\u00f3n de violencias futuras\u201d, destac\u00f3.<\/p>\n<p>Desde la cartera de Seguridad recordaron que \u201cel personal de la Polic\u00eda de Santa Fe que est\u00e9 atravesando una situaci\u00f3n de violencia de g\u00e9nero, puede contactarse, para recibir asesoramiento, a\u00a0<a href=\"mailto:bienestarygenerominseg@santafe.gov.ar\" target=\"_blank\" rel=\"noopener\">bienestarygenerominseg@<wbr \/>santafe.gov.ar<\/a>, o al tel\u00e9fono 0342-155380139.<\/p>\n","protected":false},"excerpt":{"rendered":"<p>El gobierno provincial, a trav\u00e9s del Ministerio de Seguridad, elabor\u00f3 una gu\u00eda de actuaci\u00f3n para el personal que integra el Departamento Judicial (D5), Divisiones de Judiciales de las Unidades Regionales y Secci\u00f3n Sumarios Administrativos de la Polic\u00eda de la provincia, destinado a la recepci\u00f3n y registro de denuncias por violencia de g\u00e9nero contra personal policial. [&hellip;]<\/p>\n","protected":false},"author":2,"featured_media":25555,"comment_status":"open","ping_status":"open","sticky":false,"template":"","format":"standard","meta":{"_joinchat":[],"footnotes":""},"categories":[60],"tags":[],"class_list":{"0":"post-25553","1":"post","2":"type-post","3":"status-publish","4":"format-standard","5":"has-post-thumbnail","7":"category-provinciales"},"_links":{"self":[{"href":"https:\/\/infovera.com.ar\/web\/wp-json\/wp\/v2\/posts\/25553","targetHints":{"allow":["GET"]}}],"collection":[{"href":"https:\/\/infovera.com.ar\/web\/wp-json\/wp\/v2\/posts"}],"about":[{"href":"https:\/\/infovera.com.ar\/web\/wp-json\/wp\/v2\/types\/post"}],"author":[{"embeddable":true,"href":"https:\/\/infovera.com.ar\/web\/wp-json\/wp\/v2\/users\/2"}],"replies":[{"embeddable":true,"href":"https:\/\/infovera.com.ar\/web\/wp-json\/wp\/v2\/comments?post=25553"}],"version-history":[{"count":0,"href":"https:\/\/infovera.com.ar\/web\/wp-json\/wp\/v2\/posts\/25553\/revisions"}],"wp:featuredmedia":[{"embeddable":true,"href":"https:\/\/infovera.com.ar\/web\/wp-json\/wp\/v2\/media\/25555"}],"wp:attachment":[{"href":"https:\/\/infovera.com.ar\/web\/wp-json\/wp\/v2\/media?parent=25553"}],"wp:term":[{"taxonomy":"category","embeddable":true,"href":"https:\/\/infovera.com.ar\/web\/wp-json\/wp\/v2\/categories?post=25553"},{"taxonomy":"post_tag","embeddable":true,"href":"https:\/\/infovera.com.ar\/web\/wp-json\/wp\/v2\/tags?post=25553"}],"curies":[{"name":"wp","href":"https:\/\/api.w.org\/{rel}","templated":true}]}}