{"id":25541,"date":"2021-08-26T16:50:11","date_gmt":"2021-08-26T19:50:11","guid":{"rendered":"https:\/\/infovera.com.ar\/web\/?p=25541"},"modified":"2021-08-29T10:28:00","modified_gmt":"2021-08-29T13:28:00","slug":"seis-detenidos-por-grooming-y-distribucion-de-pornografia-infantil-en-el-norte-video","status":"publish","type":"post","link":"https:\/\/infovera.com.ar\/web\/2021\/08\/26\/seis-detenidos-por-grooming-y-distribucion-de-pornografia-infantil-en-el-norte-video\/","title":{"rendered":"Seis detenidos por grooming y distribuci\u00f3n de pornograf\u00eda infantil en el norte (video)"},"content":{"rendered":"<p><strong>La Agencia de Investigaciones allan\u00f3 seis domicilios y secuestr\u00f3 material probatorio. Publicaciones en la red fueron el disparador de la causa.<\/strong><\/p>\n<p>La Agencia de Investigaci\u00f3n Sobre Trata de Personas y Violencia de G\u00e9nero (AITPyVG) de la Regi\u00f3n IV de Reconquista, realiz\u00f3 seis allanamientos secuestr\u00f3 un arma de fuego, traslad\u00f3 a seis personas e incaut\u00f3 una importante cantidad de material vinculado a una causa que investiga la tenencia y distribuci\u00f3n de pornograf\u00eda infantil.<\/p>\n<p>El organismo dependiente del Ministerio de Seguridad despleg\u00f3 sus agentes para disponer operativos simult\u00e1neos en las ciudades de Reconquista y Avellaneda. Desde horas tempranas, el personal de la Agencia de Trata de Personas, especializado en delitos complejos que involucra la investigaci\u00f3n por tenencia y distribuci\u00f3n de pornograf\u00eda infantil, llev\u00f3 a cabo tres allanamientos en Reconquista y tres en Avellaneda.<\/p>\n<p>En eso procedimientos se logr\u00f3 el secuestro de una importante cantidad de material para la causa que investiga la Unidad Fiscal Especial de Violencia de Genero, Sexual y Familiar (MPA) de Reconquista, a cargo del fiscal Juan S. Marichal.<\/p>\n<p>Los detenidos son personas a las que mediante consulta previa con la Fiscal\u00eda interviniente se les form\u00f3 causa judicial por tenencia y distribuci\u00f3n de pornograf\u00eda infantil.<\/p>\n<p><img loading=\"lazy\" decoding=\"async\" class=\" wp-image-25544 aligncenter\" src=\"https:\/\/infovera.com.ar\/web\/wp-content\/uploads\/2021\/08\/foto-300x225.jpg\" alt=\"\" width=\"576\" height=\"432\" srcset=\"https:\/\/infovera.com.ar\/web\/wp-content\/uploads\/2021\/08\/foto-300x225.jpg 300w, https:\/\/infovera.com.ar\/web\/wp-content\/uploads\/2021\/08\/foto-1024x768.jpg 1024w, https:\/\/infovera.com.ar\/web\/wp-content\/uploads\/2021\/08\/foto-768x576.jpg 768w, https:\/\/infovera.com.ar\/web\/wp-content\/uploads\/2021\/08\/foto-1536x1152.jpg 1536w, https:\/\/infovera.com.ar\/web\/wp-content\/uploads\/2021\/08\/foto-80x60.jpg 80w, https:\/\/infovera.com.ar\/web\/wp-content\/uploads\/2021\/08\/foto-265x198.jpg 265w, https:\/\/infovera.com.ar\/web\/wp-content\/uploads\/2021\/08\/foto-696x522.jpg 696w, https:\/\/infovera.com.ar\/web\/wp-content\/uploads\/2021\/08\/foto-1068x801.jpg 1068w, https:\/\/infovera.com.ar\/web\/wp-content\/uploads\/2021\/08\/foto-560x420.jpg 560w, https:\/\/infovera.com.ar\/web\/wp-content\/uploads\/2021\/08\/foto.jpg 1600w\" sizes=\"auto, (max-width: 576px) 100vw, 576px\" \/><\/p>\n<p>Como resultado de los operativos se obtuvo material inform\u00e1tico, CPU, pendrive, tel\u00e9fonos celulares, tarjetas de memoria, tarjetas SIM, adaptador micros SD, modem, USB, discos duros, una notebook, c\u00e1mara digital y una tablet.<\/p>\n<p>Asimismo, se incaut\u00f3 material de pornograf\u00eda gr\u00e1fica (revistas), preservativos, gel \u00edntimo, anillo peneano, envase de vaselina y juguetes sexuales.<\/p>\n<p>Se destaca adem\u00e1s el secuestro de una pistola calibre 9 mm producto de los allanamientos otorgados por juez penal de Primera Instancia Mauricio Martelossi.<\/p>\n<p><iframe loading=\"lazy\" title=\"Seis detenidos por grooming y pornograf\u00eda infantil en el norte\" width=\"696\" height=\"522\" src=\"https:\/\/www.youtube.com\/embed\/27b_Kj1lT3c?feature=oembed\" frameborder=\"0\" allow=\"accelerometer; autoplay; clipboard-write; encrypted-media; gyroscope; picture-in-picture; web-share\" referrerpolicy=\"strict-origin-when-cross-origin\" allowfullscreen><\/iframe><\/p>\n","protected":false},"excerpt":{"rendered":"<p>La Agencia de Investigaciones allan\u00f3 seis domicilios y secuestr\u00f3 material probatorio. Publicaciones en la red fueron el disparador de la causa. La Agencia de Investigaci\u00f3n Sobre Trata de Personas y Violencia de G\u00e9nero (AITPyVG) de la Regi\u00f3n IV de Reconquista, realiz\u00f3 seis allanamientos secuestr\u00f3 un arma de fuego, traslad\u00f3 a seis personas e incaut\u00f3 una [&hellip;]<\/p>\n","protected":false},"author":3,"featured_media":25543,"comment_status":"open","ping_status":"open","sticky":false,"template":"","format":"standard","meta":{"_joinchat":[],"footnotes":""},"categories":[55],"tags":[],"class_list":{"0":"post-25541","1":"post","2":"type-post","3":"status-publish","4":"format-standard","5":"has-post-thumbnail","7":"category-reconquista"},"_links":{"self":[{"href":"https:\/\/infovera.com.ar\/web\/wp-json\/wp\/v2\/posts\/25541","targetHints":{"allow":["GET"]}}],"collection":[{"href":"https:\/\/infovera.com.ar\/web\/wp-json\/wp\/v2\/posts"}],"about":[{"href":"https:\/\/infovera.com.ar\/web\/wp-json\/wp\/v2\/types\/post"}],"author":[{"embeddable":true,"href":"https:\/\/infovera.com.ar\/web\/wp-json\/wp\/v2\/users\/3"}],"replies":[{"embeddable":true,"href":"https:\/\/infovera.com.ar\/web\/wp-json\/wp\/v2\/comments?post=25541"}],"version-history":[{"count":0,"href":"https:\/\/infovera.com.ar\/web\/wp-json\/wp\/v2\/posts\/25541\/revisions"}],"wp:featuredmedia":[{"embeddable":true,"href":"https:\/\/infovera.com.ar\/web\/wp-json\/wp\/v2\/media\/25543"}],"wp:attachment":[{"href":"https:\/\/infovera.com.ar\/web\/wp-json\/wp\/v2\/media?parent=25541"}],"wp:term":[{"taxonomy":"category","embeddable":true,"href":"https:\/\/infovera.com.ar\/web\/wp-json\/wp\/v2\/categories?post=25541"},{"taxonomy":"post_tag","embeddable":true,"href":"https:\/\/infovera.com.ar\/web\/wp-json\/wp\/v2\/tags?post=25541"}],"curies":[{"name":"wp","href":"https:\/\/api.w.org\/{rel}","templated":true}]}}