{"id":25397,"date":"2021-08-23T19:25:25","date_gmt":"2021-08-23T22:25:25","guid":{"rendered":"https:\/\/infovera.com.ar\/web\/?p=25397"},"modified":"2021-08-23T19:25:25","modified_gmt":"2021-08-23T22:25:25","slug":"el-socialismo-califico-de-gravisimo-y-altamente-preocupante-que-guille-cantero-dispusiera-de-un-telefono-fijo-en-su-celda","status":"publish","type":"post","link":"https:\/\/infovera.com.ar\/web\/2021\/08\/23\/el-socialismo-califico-de-gravisimo-y-altamente-preocupante-que-guille-cantero-dispusiera-de-un-telefono-fijo-en-su-celda\/","title":{"rendered":"El Socialismo calific\u00f3 de \u201cgrav\u00edsimo y altamente preocupante\u201d que Guille Cantero dispusiera de un tel\u00e9fono fijo en su celda"},"content":{"rendered":"<p><strong>Mediante un comunicado, el bloque Socialistas de la C\u00e1mara de Diputadas y Diputados de la Provincia de Santa Fe conden\u00f3 \u201cla injustificable irregularidad, que exige explicaciones urgentes de parte del Servicio Penitenciario Federal y una investigaci\u00f3n a fondo de la situaci\u00f3n\u201d. El l\u00edder de Los Monos, detenido en el penal federal de Marcos Paz, est\u00e1 siendo juzgado por la justicia santafesina por atentar contra jueces, edificios judiciales y polic\u00edas.<\/strong><\/p>\n<p>El bloque Socialistas de la C\u00e1mara de Diputadas y Diputados de la Provincia de Santa Fe calific\u00f3 de \u201cgrav\u00edsimo y altamente preocupante\u201d el hecho de que Ariel M\u00e1ximo \u201cGuille\u201d Cantero, l\u00edder de la banda narco conocida \u201cLos Monos\u201d, dispusiera de un tel\u00e9fono fijo en su celda del penal federal de Marcos Paz.<\/p>\n<p>A pedido de los fiscales provinciales rosarinos Franco Carbone y Federico R\u00e9bola, quienes investigan la balacera al Centro de Justicia Penal de Rosario ocurrida el mi\u00e9rcoles pasado, la Direcci\u00f3n Distrital de Investigaciones (DDI) de Mercedes requis\u00f3 la celda de Cantero y durante el procedimiento encontraron un tel\u00e9fono de l\u00ednea.<\/p>\n<p>Los legisladores y legisladoras socialistas condenaron \u201cla injustificable irregularidad, que exige explicaciones urgentes de parte del Servicio Penitenciario Federal y una investigaci\u00f3n a fondo de la situaci\u00f3n\u201d.<\/p>\n<p>En estos d\u00edas, Cantero est\u00e1 siendo juzgado por la justicia santafesina por planificar siete de los quince ataques a tiros contra domicilios de jueces, polic\u00edas y edificios judiciales que tuvieron lugar durante 2018 y 2019. En el marco de esa causa, los fiscales provinciales rosarinos Mat\u00edas \u00c9dery, Gast\u00f3n \u00c1vila, Miguel Moreno y An\u00edbal Vescovo pidieron 24 a\u00f1os de prisi\u00f3n.<\/p>\n<p>Ariel Cantero est\u00e1 sindicado como el l\u00edder del clan Los Monos, una organizaci\u00f3n criminal vinculada durante d\u00e9cadas al narcotr\u00e1fico, cuyos principales integrantes se encuentran detenidos desde el a\u00f1o 2013 por la decisi\u00f3n pol\u00edtica e institucional de avanzar con el juzgamiento de delitos de jurisdicci\u00f3n provincial que los involucraban.<\/p>\n","protected":false},"excerpt":{"rendered":"<p>Mediante un comunicado, el bloque Socialistas de la C\u00e1mara de Diputadas y Diputados de la Provincia de Santa Fe conden\u00f3 \u201cla injustificable irregularidad, que exige explicaciones urgentes de parte del Servicio Penitenciario Federal y una investigaci\u00f3n a fondo de la situaci\u00f3n\u201d. El l\u00edder de Los Monos, detenido en el penal federal de Marcos Paz, est\u00e1 [&hellip;]<\/p>\n","protected":false},"author":3,"featured_media":25399,"comment_status":"open","ping_status":"open","sticky":false,"template":"","format":"standard","meta":{"_joinchat":[],"footnotes":""},"categories":[60],"tags":[],"class_list":{"0":"post-25397","1":"post","2":"type-post","3":"status-publish","4":"format-standard","5":"has-post-thumbnail","7":"category-provinciales"},"_links":{"self":[{"href":"https:\/\/infovera.com.ar\/web\/wp-json\/wp\/v2\/posts\/25397","targetHints":{"allow":["GET"]}}],"collection":[{"href":"https:\/\/infovera.com.ar\/web\/wp-json\/wp\/v2\/posts"}],"about":[{"href":"https:\/\/infovera.com.ar\/web\/wp-json\/wp\/v2\/types\/post"}],"author":[{"embeddable":true,"href":"https:\/\/infovera.com.ar\/web\/wp-json\/wp\/v2\/users\/3"}],"replies":[{"embeddable":true,"href":"https:\/\/infovera.com.ar\/web\/wp-json\/wp\/v2\/comments?post=25397"}],"version-history":[{"count":0,"href":"https:\/\/infovera.com.ar\/web\/wp-json\/wp\/v2\/posts\/25397\/revisions"}],"wp:featuredmedia":[{"embeddable":true,"href":"https:\/\/infovera.com.ar\/web\/wp-json\/wp\/v2\/media\/25399"}],"wp:attachment":[{"href":"https:\/\/infovera.com.ar\/web\/wp-json\/wp\/v2\/media?parent=25397"}],"wp:term":[{"taxonomy":"category","embeddable":true,"href":"https:\/\/infovera.com.ar\/web\/wp-json\/wp\/v2\/categories?post=25397"},{"taxonomy":"post_tag","embeddable":true,"href":"https:\/\/infovera.com.ar\/web\/wp-json\/wp\/v2\/tags?post=25397"}],"curies":[{"name":"wp","href":"https:\/\/api.w.org\/{rel}","templated":true}]}}