{"id":25388,"date":"2021-08-23T17:12:05","date_gmt":"2021-08-23T20:12:05","guid":{"rendered":"https:\/\/infovera.com.ar\/web\/?p=25388"},"modified":"2021-08-27T10:44:19","modified_gmt":"2021-08-27T13:44:19","slug":"el-gobernador-recorrio-obras-de-pavimentacion-en-las-rutas-provinciales-no36-y-n88","status":"publish","type":"post","link":"https:\/\/infovera.com.ar\/web\/2021\/08\/23\/el-gobernador-recorrio-obras-de-pavimentacion-en-las-rutas-provinciales-no36-y-n88\/","title":{"rendered":"El Gobernador recorri\u00f3 obras de pavimentaci\u00f3n en las rutas provinciales N\u00ba36 y N\u00b088"},"content":{"rendered":"<header id=\"header-post\">\n<div class=\"container\">\n<div class=\"box-header\">\n<p class=\"headline-post\"><strong>En su visita al departamento San Javier, Perotti presenci\u00f3 tambi\u00e9n la incorporaci\u00f3n de una nueva ambulancia para el hospital de Romang; comparti\u00f3 un taller con estudiantes y mantuvo un encuentro con vecinos, productores y comerciantes de la regi\u00f3n.<\/strong><\/p>\n<p>El gobernador Omar Perotti recorri\u00f3 este lunes los nuevos tramos pavimentados de las rutas provinciales N\u00b036, entre Romang y Vera; y N\u00b088, entre la RP N\u00b03 y la Unidad Penitenciaria de Santa Felicia; tareas que, en conjunto, demandaron una inversi\u00f3n superior a los 1.400 millones de pesos.<\/p>\n<\/div>\n<\/div>\n<\/header>\n<div id=\"content-post\">\n<div class=\"entry\">\n<p>En la oportunidad, Perotti destac\u00f3 que \u201cla obra est\u00e1 terminada en su primera etapa y en marcha en el tramo con Vera\u201d; al tiempo que reafirm\u00f3 \u201cel compromiso de llevar adelante el acceso a Colonia Dur\u00e1n\u201d. Al respecto, el gobernador anunci\u00f3 que \u201cse est\u00e1 terminando la instancia t\u00e9cnica del proyecto para poder licitarlo\u201d.<\/p>\n<p>El mandatario indic\u00f3: \u201cCreo profundamente en la producci\u00f3n, en el trabajo, en acompa\u00f1ar al que invierte y genera trabajo. No tengo dudas de que, si ustedes pusieron lo mejor en condiciones adversas, van a poner el doble o triple de esfuerzo y ganas para aprovechar esta infraestructura nueva\u201d.<\/p>\n<p>En ese sentido, Perotti expres\u00f3 que \u201cno son s\u00f3lo rutas en las que vemos pasar autos o camiones; ah\u00ed va el trabajo de nuestra gente, el futuro de nuestros j\u00f3venes, su posibilidad de quedarse en el lugar donde cada uno naci\u00f3, eligi\u00f3 vivir y tener oportunidades\u201d, dijo.<\/p>\n<p>Cabe se\u00f1alar que la etapa 1 de la RP N\u00b036 entre Romang y Vera se ejecuta en un tramo de 16 kil\u00f3metros que, en su recorrido, alcanza a la localidad de Colonia Sager adem\u00e1s de cruzar el arroyo El Gusano, con una inversi\u00f3n de 1.030 millones de pesos.<\/p>\n<p>Durante la recorrida, acompa\u00f1aron al gobernador, el secretario de Educacion de la provincia, V\u00edctor Debloc; el intendente de Romang, Sergio Ramseyer; y el senador por el departamento San Javier, Jos\u00e9 Baucero; entre otros.<\/p>\n<p><strong>UN SUE\u00d1O CUMPLIDO<\/strong><br \/>\nA su turno, V\u00edctor Debloc manifest\u00f3 que \u201cpara nosotros, como habitantes de esta zona, este era un sue\u00f1o largamente esperado\u201d, y agradeci\u00f3 al gobernador Omar Perotti \u201cpor esta decisi\u00f3n de acompa\u00f1ar la obra y resolver los problemas de infraestructura. Nos entusiasma ver el invernadero de producci\u00f3n vegetal; la producci\u00f3n de chacinados y la elaboraci\u00f3n de comestibles para la zona. Desde el Ministerio de Educaci\u00f3n nos comprometemos a acompa\u00f1ar cualquier iniciativa que ponga en valor los talentos que tienen nuestros j\u00f3venes, adolescentes, ni\u00f1os y ni\u00f1as\u201d, sostuvo el funcionario.<\/p>\n<p>En tanto, el intendente Sergio Ramseyer destac\u00f3 que \u201cesto no es s\u00f3lo una ruta en s\u00ed, porque la conectividad tambi\u00e9n tiene que ver con lo cultural y lo productivo. En definitiva, lo que hace crecer a nuestra zona y desarrollarnos plenamente\u201d.<\/p>\n<p>Posteriormente, el gobernador Perotti recorri\u00f3 la pavimentaci\u00f3n de la RP N\u00b088-s, en el tramo comprendido entre la RP N\u00b03 y la Unidad Penitenciaria de Santa Felicia. La obra, que demand\u00f3 una inversi\u00f3n de 473 millones de pesos, consisti\u00f3 en la ejecuci\u00f3n de 5.375 metros de pavimento flexible y alcantarillas transversales y laterales.<\/p>\n<p>En la oportunidad estuvo acompa\u00f1ado por el administrador de la Direcci\u00f3n provincial de Vialidad (DPV), Oscar Ceschi; el senador por el departamento Vera, Osvaldo Sosa; y la intendenta de Vera, Paula Mitre; entre otros.<\/p>\n<p>El gobernador aprovech\u00f3 para recordar que \u201cten\u00edamos serias dificultades en el acceso a esta parte importante del departamento Vera, por la vinculaci\u00f3n con el Servicio Penitenciario y la Guardia Rural Los Pumas; pero tambi\u00e9n pasa frente al vivero provincial\u201d.<\/p>\n<p>Perotti destac\u00f3 \u201cel compromiso y la responsabilidad de poner en funcionamiento el vivero, para capacitar y generar desde all\u00ed se\u00f1ales claras para el cuidado y la forestaci\u00f3n, la posibilidad de proveer de especies y desarrollar el aprendizaje de oficios, particularmente sobre el manejo de la madera. Son espacios importantes con los que cuenta la provincia y al no tener un acceso en condiciones, su aprovechamiento es \u00ednfimo\u201d, concluy\u00f3 el mandatario provincial.<\/p>\n<p>Por su parte, Osvaldo Sosa indic\u00f3 que era \u201cuna obra muy esperada y hoy realizada, que reci\u00e9n en el gobierno de Omar Perotti se pudo poner en marcha y finalizar. Pasamos del relato a los hechos y esto es m\u00e1s que importante\u201d, dijo, y agradeci\u00f3 \u201cal gobernador por esta gesti\u00f3n important\u00edsima para nuestra zona\u201d.<\/p>\n<p>En tanto, Paula Mitre resalt\u00f3 que \u201ces una obra fundamental para el progreso y desarrollo de nuestra ciudad y nuestra regi\u00f3n. Agradecemos en nombre de todos los verenses por la concreci\u00f3n de esta obra, que pone fin a muchos a\u00f1os de serias dificultades sobre todo en las \u00e9pocas de lluvia. Este lugar es fundamental que tenga la transitabilidad garantizada y desde hoy podemos decir que as\u00ed lo es\u201d.<\/p>\n<p><strong>LA NUEVA AMBULANCIA DEL HOSPITAL<\/strong><br \/>\nPreviamente, el gobernador Omar Perotti supervis\u00f3 el nuevo equipamiento para traslados de alta complejidad con que cuenta el hospital de la ciudad de Romang; y agradeci\u00f3 al personal de salud \u201cpor el esfuerzo que se ha hecho desde el inicio de la pandemia y que se sigue haciendo en el cuidado, con la vacunaci\u00f3n\u201d.<\/p>\n<p>\u201cHoy Romang y la regi\u00f3n suman en cuidado y esta es la posibilidad de que la atenci\u00f3n y la entrega que est\u00e1 teniendo cada uno de los integrantes del sistema de salud, ahora tengan una herramienta m\u00e1s para colaborar y seguir haci\u00e9ndolo de la mejor manera\u201d, concluy\u00f3 el gobernador Perotti.<\/p>\n<p>Finalmente, la directora del hospital local, Natalia Ocampo, expres\u00f3 que este \u201ces un reconocimiento al trabajo que todos los agentes de salud estamos haciendo en este tiempo, con esta pandemia que nos azota, y estamos muy complacidos. Sumar un recurso como este nos da m\u00e1s ganas de seguir trabajando y aportar calidad a nuestro sistema de salud\u201d, finaliz\u00f3. Adem\u00e1s de las autoridades mencionadas, tambi\u00e9n estuvo presente el director provincial de Relaciones Laborales, Mateo Marelli.<\/p>\n<p><strong>TALLER CON ESTUDIANTES<\/strong><br \/>\nTambi\u00e9n en Romang, Omar Perotti particip\u00f3 de un taller con estudiantes de las escuelas Particular N\u00b0 1129 y N\u00b0 8101 \u201cInmaculada Concepci\u00f3n\u201d, Particular Incorporada N\u00b0 1258 y N\u00b0 1410 \u201cConcordia\u201d, N\u00b0 545, EEMPA N\u00b0 3034 y N\u00b0 314.<\/p>\n<p>El gobernador destac\u00f3 el protagonismo de \u201ctoda la comunidad educativa en un hecho de estas caracter\u00edsticas. Eso habla a las claras del inter\u00e9s, no solamente por el conocimiento, sino por las posibilidades que una regi\u00f3n genera cuando los v\u00ednculos de comunicaci\u00f3n crecen\u201d.<\/p>\n<p>Y al dirigirse a los alumnos, Perotti les agradeci\u00f3 por \u201cayudarnos a contar que un camino es mucho m\u00e1s que piedra y hormig\u00f3n. Su trabajo es muy rico, rescata or\u00edgenes, el talento y la capacidad de la gente de toda la regi\u00f3n\u201d.<\/p>\n<p>Adem\u00e1s, sostuvo que \u201cesta participaci\u00f3n salda demandas del pasado, expectativas de muchos a\u00f1os, pero tambi\u00e9n este es un camino que construye futuro\u201d. En ese sentido, el mandatario provincial manifest\u00f3 que \u201cla decisi\u00f3n es completar las rutas transversales, dar infraestructura y hacer inversiones para que surjan oportunidades, que los arraiguen aqu\u00ed, que les den las posibilidades de trabajar, de crecer en el lugar donde nacieron, cerca de sus afectos y de su familia\u201d, asegur\u00f3.<\/p>\n<p>\u201cCreemos plenamente en el norte provincial, en nuestra Costa, en el potencial que tienen, en su gente c\u00e1lida y trabajadora. Y seguramente, cuando cada uno siente que el Estado est\u00e1 cerca del que invierte, del que produce y da trabajo, acompa\u00f1a a formar a sus hijos de la mejor manera. Sin dudas que va a ser un est\u00edmulo\u201d, a\u00f1adi\u00f3 el mandatario provincial.<\/p>\n<p>Por \u00faltimo, el gobernador indic\u00f3 que \u201clas inversiones tienen que ver con una decisi\u00f3n pol\u00edtica, porque lo que definen las obras son las prioridades y esa es una decisi\u00f3n pol\u00edtica que hemos tomado a favor de toda la provincia, particularmente a favor de nuestro norte. Por eso estamos construyendo futuro y corrigiendo errores del pasado\u201d, subray\u00f3.<\/p>\n<p>Cabe se\u00f1alar que durante la extensa recorrida, el gobernador de la provincia tambi\u00e9n mantuvo una reuni\u00f3n en la plazoleta de la localidad de Colonia Sager con los alumnos de la escuela agrot\u00e9cnica, productores, comerciantes y vecinos.<\/p>\n<\/div>\n<\/div>\n","protected":false},"excerpt":{"rendered":"<p>En su visita al departamento San Javier, Perotti presenci\u00f3 tambi\u00e9n la incorporaci\u00f3n de una nueva ambulancia para el hospital de Romang; comparti\u00f3 un taller con estudiantes y mantuvo un encuentro con vecinos, productores y comerciantes de la regi\u00f3n. El gobernador Omar Perotti recorri\u00f3 este lunes los nuevos tramos pavimentados de las rutas provinciales N\u00b036, entre [&hellip;]<\/p>\n","protected":false},"author":2,"featured_media":25390,"comment_status":"open","ping_status":"open","sticky":false,"template":"","format":"standard","meta":{"_joinchat":[],"footnotes":""},"categories":[53],"tags":[],"class_list":{"0":"post-25388","1":"post","2":"type-post","3":"status-publish","4":"format-standard","5":"has-post-thumbnail","7":"category-vera"},"_links":{"self":[{"href":"https:\/\/infovera.com.ar\/web\/wp-json\/wp\/v2\/posts\/25388","targetHints":{"allow":["GET"]}}],"collection":[{"href":"https:\/\/infovera.com.ar\/web\/wp-json\/wp\/v2\/posts"}],"about":[{"href":"https:\/\/infovera.com.ar\/web\/wp-json\/wp\/v2\/types\/post"}],"author":[{"embeddable":true,"href":"https:\/\/infovera.com.ar\/web\/wp-json\/wp\/v2\/users\/2"}],"replies":[{"embeddable":true,"href":"https:\/\/infovera.com.ar\/web\/wp-json\/wp\/v2\/comments?post=25388"}],"version-history":[{"count":0,"href":"https:\/\/infovera.com.ar\/web\/wp-json\/wp\/v2\/posts\/25388\/revisions"}],"wp:featuredmedia":[{"embeddable":true,"href":"https:\/\/infovera.com.ar\/web\/wp-json\/wp\/v2\/media\/25390"}],"wp:attachment":[{"href":"https:\/\/infovera.com.ar\/web\/wp-json\/wp\/v2\/media?parent=25388"}],"wp:term":[{"taxonomy":"category","embeddable":true,"href":"https:\/\/infovera.com.ar\/web\/wp-json\/wp\/v2\/categories?post=25388"},{"taxonomy":"post_tag","embeddable":true,"href":"https:\/\/infovera.com.ar\/web\/wp-json\/wp\/v2\/tags?post=25388"}],"curies":[{"name":"wp","href":"https:\/\/api.w.org\/{rel}","templated":true}]}}