{"id":25371,"date":"2021-08-23T10:58:15","date_gmt":"2021-08-23T13:58:15","guid":{"rendered":"https:\/\/infovera.com.ar\/web\/?p=25371"},"modified":"2021-08-24T13:44:29","modified_gmt":"2021-08-24T16:44:29","slug":"un-gato-dejo-sin-luz-a-toda-la-ciudad-de-vera","status":"publish","type":"post","link":"https:\/\/infovera.com.ar\/web\/2021\/08\/23\/un-gato-dejo-sin-luz-a-toda-la-ciudad-de-vera\/","title":{"rendered":"Un gato dej\u00f3 sin luz a toda la ciudad de Vera"},"content":{"rendered":"<p><strong>Anoche, la ciudad cabecera se qued\u00f3 sin energ\u00eda el\u00e9ctrica por espacio de dos horas.<\/strong><\/p>\n<p>Esta ma\u00f1ana, desde la EPE contaron a InfoVera que el motivo del corte fue un gato que se meti\u00f3 en la Subestaci\u00f3n Transformadora y ocasion\u00f3 un cortocircuito.<\/p>\n<p>Hasta que los operarios detectaron la falla y pudieron limpiar y arreglar el desperfecto transcurrieron un par de horas de la madrugada del lunes.<\/p>\n<p>La Empresa dijo que es bastante habitual que ocurran este tipo de inconvenientes, sobre todo en \u00e9poca invernal dado que los animalitos buscan el calor que se desprende de las l\u00edneas el\u00e9ctricas.<\/p>\n","protected":false},"excerpt":{"rendered":"<p>Anoche, la ciudad cabecera se qued\u00f3 sin energ\u00eda el\u00e9ctrica por espacio de dos horas. Esta ma\u00f1ana, desde la EPE contaron a InfoVera que el motivo del corte fue un gato que se meti\u00f3 en la Subestaci\u00f3n Transformadora y ocasion\u00f3 un cortocircuito. Hasta que los operarios detectaron la falla y pudieron limpiar y arreglar el desperfecto [&hellip;]<\/p>\n","protected":false},"author":3,"featured_media":25373,"comment_status":"open","ping_status":"open","sticky":false,"template":"","format":"standard","meta":{"_joinchat":[],"footnotes":""},"categories":[53],"tags":[],"class_list":{"0":"post-25371","1":"post","2":"type-post","3":"status-publish","4":"format-standard","5":"has-post-thumbnail","7":"category-vera"},"_links":{"self":[{"href":"https:\/\/infovera.com.ar\/web\/wp-json\/wp\/v2\/posts\/25371","targetHints":{"allow":["GET"]}}],"collection":[{"href":"https:\/\/infovera.com.ar\/web\/wp-json\/wp\/v2\/posts"}],"about":[{"href":"https:\/\/infovera.com.ar\/web\/wp-json\/wp\/v2\/types\/post"}],"author":[{"embeddable":true,"href":"https:\/\/infovera.com.ar\/web\/wp-json\/wp\/v2\/users\/3"}],"replies":[{"embeddable":true,"href":"https:\/\/infovera.com.ar\/web\/wp-json\/wp\/v2\/comments?post=25371"}],"version-history":[{"count":0,"href":"https:\/\/infovera.com.ar\/web\/wp-json\/wp\/v2\/posts\/25371\/revisions"}],"wp:featuredmedia":[{"embeddable":true,"href":"https:\/\/infovera.com.ar\/web\/wp-json\/wp\/v2\/media\/25373"}],"wp:attachment":[{"href":"https:\/\/infovera.com.ar\/web\/wp-json\/wp\/v2\/media?parent=25371"}],"wp:term":[{"taxonomy":"category","embeddable":true,"href":"https:\/\/infovera.com.ar\/web\/wp-json\/wp\/v2\/categories?post=25371"},{"taxonomy":"post_tag","embeddable":true,"href":"https:\/\/infovera.com.ar\/web\/wp-json\/wp\/v2\/tags?post=25371"}],"curies":[{"name":"wp","href":"https:\/\/api.w.org\/{rel}","templated":true}]}}