{"id":25336,"date":"2021-08-22T21:00:07","date_gmt":"2021-08-23T00:00:07","guid":{"rendered":"https:\/\/infovera.com.ar\/web\/?p=25336"},"modified":"2021-08-23T19:20:40","modified_gmt":"2021-08-23T22:20:40","slug":"son-5-los-casos-positivos-y-hubo-un-fallecimiento-por-covid-este-domingo","status":"publish","type":"post","link":"https:\/\/infovera.com.ar\/web\/2021\/08\/22\/son-5-los-casos-positivos-y-hubo-un-fallecimiento-por-covid-este-domingo\/","title":{"rendered":"Son 5 los casos positivos y hubo un fallecimiento por Covid este domingo"},"content":{"rendered":"<p><strong>Informe de fecha 22\/08\/2021. 20,00 hs. Covid-19 Informe diario &#8211; Departamento Vera <\/strong><strong>Comit\u00e9 departamental de emergencia por Coronavirus.<\/strong><\/p>\n<p><strong>VERA<\/strong><br \/>\n<strong>Resultados Negativos 1. (Determinado por m\u00e9todo AG).<\/strong><br \/>\nSospechosos 2.<br \/>\nCasos positivos acumulados 1896.<br \/>\nTotal de Recuperados 1840. (En el d\u00eda de la fecha se otorgaron 2 altas).<br \/>\nFallecidos acumulados 41.<br \/>\nPositivos Activos 15.<br \/>\nInternados 1. (En el hospital de Vera).<br \/>\nPersonas en aislamiento preventivo: 106.<\/p>\n<p><span style=\"color: #ff0000;\"><strong>CALCHAQU\u00cd<\/strong><\/span><br \/>\n<span style=\"color: #ff0000;\"><strong>Positivos nuevos 3. (Determinados por m\u00e9todo AG).<\/strong><\/span><br \/>\n<strong><span style=\"color: #808080;\">Fallecidos 1. (Paciente de 64 a\u00f1os que se encontraba internada en el sanatorio Diagn\u00f3stico de<\/span> <span style=\"color: #808080;\">Santa Fe).<\/span><\/strong><br \/>\nCasos positivos acumulados 1336.<br \/>\nTotal de Recuperados 1233. (En el d\u00eda de la fecha se otorgaron 6 altas).<br \/>\nFallecidos acumulados 42.<br \/>\nPositivos Activos 61.<br \/>\nInternados 4. (3 en establecimientos de salud de Reconquista; 1 en un establecimiento de salud de Santa Fe).<br \/>\nPersonas en aislamiento preventivo: 170.<\/p>\n<p><span style=\"color: #ff0000;\"><strong>MARGARITA<\/strong><\/span><br \/>\n<span style=\"color: #ff0000;\"><strong>Positivos nuevos 1. (Determinado por m\u00e9todo AG).<\/strong><\/span><br \/>\nResultados Negativos 3. (Determinados por m\u00e9todo AG).<br \/>\nCasos positivos acumulados 455.<br \/>\nTotal de Recuperados 442. (En el d\u00eda de la fecha se otorgaron 2 altas).<br \/>\nFallecidos acumulados 8.<br \/>\nPositivos Activos 5.<br \/>\nInternados 2. (1 en el hospital de Reconquista; 1 en el hospital de Vera).<br \/>\nPersonas en aislamiento preventivo: 20.<\/p>\n<p><strong>LA GALLARETA<\/strong><br \/>\n<strong>Sospechosos 2. (En sus domicilios).<\/strong><br \/>\nCasos positivos acumulados 166.<br \/>\nTotal de Recuperados 152.<br \/>\nFallecidos acumulados 4.<br \/>\nPositivos Activos 10. (En sus domicilios con buen estado de salud).<br \/>\nPersonas en aislamiento preventivo: 56. (Por tener contacto estrecho con un caso positivo y con un caso sospechoso).<\/p>\n<p><strong>FORTIN OLMOS<\/strong><br \/>\n<strong>Sospechosos 4. (1 internado en el Samco local).<\/strong><br \/>\nCasos positivos acumulados 199.<br \/>\nTotal de Recuperados 190.<br \/>\nFallecidos acumulados 9.<br \/>\nPositivos Activos 0.<br \/>\nPersonas en aislamiento preventivo: 7. (Por tener contacto estrecho con un caso positivo y con un caso sospechoso).<\/p>\n<p><strong>INTIYACO<\/strong><br \/>\nCasos positivos acumulados 195.<br \/>\nTotal de Recuperados 192.<br \/>\nFallecidos acumulados 3.<br \/>\nPositivos Activos 0.<br \/>\nPersonas en aislamiento preventivo: 2. (Por tener contacto estrecho con un caso positivo).<\/p>\n<p><strong>COLMENA<\/strong><br \/>\nCasos positivos acumulados 9.<br \/>\nTotal de Recuperados 8.<br \/>\nFallecidos acumulados 1.<br \/>\nPositivos Activos 0.<br \/>\nPersonas en aislamiento preventivo: 0.<\/p>\n<p><strong>GARABATO<\/strong><br \/>\n<strong>Resultados Negativos 1.<\/strong><br \/>\nSospechosos 1.<br \/>\nCasos positivos acumulados 124.<br \/>\nTotal de Recuperados 114.<br \/>\nFallecidos acumulados 8.<br \/>\nPositivos Activos 2. (En sus domicilios con buen estado de salud).<br \/>\nPersonas en aislamiento preventivo: 7. (6 por tener contacto estrecho con un caso positivo; 1 por tener contacto con un caso sospechoso).<\/p>\n<p><strong>TARTAGAL<\/strong><br \/>\nCasos positivos acumulados 126.<br \/>\nTotal de Recuperados 118.<br \/>\nFallecidos acumulados 7.<br \/>\nPositivos Activos 1.<br \/>\nInternados 1. (En el hospital de Reconquista).<br \/>\nPersonas en aislamiento preventivo: 7.<\/p>\n<p><strong>TOBA<\/strong><br \/>\nCasos positivos acumulados 69.<br \/>\nTotal de Recuperados 68.<br \/>\nFallecidos acumulados 1.<br \/>\nPositivos Activos 0.<br \/>\nPersonas en aislamiento preventivo: 0.<\/p>\n<p><strong>GOLONDRINA<\/strong><br \/>\nCasos positivos acumulados 28.<br \/>\nTotal de Recuperados 28.<br \/>\nPersonas en aislamiento preventivo: 0.<br \/>\nComit\u00e9 departamental de emergencia por Coronavirus 3<\/p>\n<p><span style=\"color: #ff0000;\"><strong>LOS AMORES<\/strong><\/span><br \/>\n<span style=\"color: #ff0000;\"><strong>Positivos nuevos 1. (Determinado por m\u00e9todo AG).<\/strong><\/span><br \/>\nSospechosos 3.<br \/>\nCasos positivos acumulados 72.<br \/>\nTotal de Recuperados 67.<br \/>\nFallecidos acumulados 2.<br \/>\nPositivos Activos 3. (En sus domicilios con buen estado de salud).<br \/>\nPersonas en aislamiento preventivo: 3. (Por tener contacto estrecho con un caso positivo).<\/p>\n<p><strong>CA\u00d1ADA OMB\u00da<\/strong><br \/>\nCasos positivos acumulados 20.<br \/>\nTotal de Recuperados 18.<br \/>\nFallecidos acumulados 1.<br \/>\nPositivos Activos 1.<br \/>\nInternados 1. (En el hospital de Vera).<br \/>\nPersonas en aislamiento preventivo: 4.<\/p>\n<p><strong>LOS TABANOS<\/strong><br \/>\nCasos positivos acumulados 10.<br \/>\nTotal de Recuperados 9.<br \/>\nFallecidos acumulados 1.<br \/>\nPositivos Activos 0.<br \/>\nPersonas en aislamiento preventivo: 0.<\/p>\n<p>RESTO DE LAS LOCALIDADES DEL DEPARTAMENTO<br \/>\nSin Novedades.<\/p>\n","protected":false},"excerpt":{"rendered":"<p>Informe de fecha 22\/08\/2021. 20,00 hs. Covid-19 Informe diario &#8211; Departamento Vera Comit\u00e9 departamental de emergencia por Coronavirus. VERA Resultados Negativos 1. (Determinado por m\u00e9todo AG). Sospechosos 2. Casos positivos acumulados 1896. Total de Recuperados 1840. (En el d\u00eda de la fecha se otorgaron 2 altas). Fallecidos acumulados 41. Positivos Activos 15. Internados 1. (En [&hellip;]<\/p>\n","protected":false},"author":3,"featured_media":0,"comment_status":"open","ping_status":"open","sticky":false,"template":"","format":"standard","meta":{"_joinchat":[],"footnotes":""},"categories":[51],"tags":[],"class_list":{"0":"post-25336","1":"post","2":"type-post","3":"status-publish","4":"format-standard","6":"category-locales"},"_links":{"self":[{"href":"https:\/\/infovera.com.ar\/web\/wp-json\/wp\/v2\/posts\/25336","targetHints":{"allow":["GET"]}}],"collection":[{"href":"https:\/\/infovera.com.ar\/web\/wp-json\/wp\/v2\/posts"}],"about":[{"href":"https:\/\/infovera.com.ar\/web\/wp-json\/wp\/v2\/types\/post"}],"author":[{"embeddable":true,"href":"https:\/\/infovera.com.ar\/web\/wp-json\/wp\/v2\/users\/3"}],"replies":[{"embeddable":true,"href":"https:\/\/infovera.com.ar\/web\/wp-json\/wp\/v2\/comments?post=25336"}],"version-history":[{"count":0,"href":"https:\/\/infovera.com.ar\/web\/wp-json\/wp\/v2\/posts\/25336\/revisions"}],"wp:attachment":[{"href":"https:\/\/infovera.com.ar\/web\/wp-json\/wp\/v2\/media?parent=25336"}],"wp:term":[{"taxonomy":"category","embeddable":true,"href":"https:\/\/infovera.com.ar\/web\/wp-json\/wp\/v2\/categories?post=25336"},{"taxonomy":"post_tag","embeddable":true,"href":"https:\/\/infovera.com.ar\/web\/wp-json\/wp\/v2\/tags?post=25336"}],"curies":[{"name":"wp","href":"https:\/\/api.w.org\/{rel}","templated":true}]}}