{"id":25311,"date":"2021-08-21T11:00:48","date_gmt":"2021-08-21T14:00:48","guid":{"rendered":"https:\/\/infovera.com.ar\/web\/?p=25311"},"modified":"2021-08-21T13:04:35","modified_gmt":"2021-08-21T16:04:35","slug":"pograman-el-regreso-del-futbol-en-las-19-ligas-de-la-provincia","status":"publish","type":"post","link":"https:\/\/infovera.com.ar\/web\/2021\/08\/21\/pograman-el-regreso-del-futbol-en-las-19-ligas-de-la-provincia\/","title":{"rendered":"Programan el regreso del f\u00fatbol en las 19 ligas de la provincia"},"content":{"rendered":"<p><strong>En la noche del jueves 19 de agosto y v\u00eda Zoom, se desarroll\u00f3 una reuni\u00f3n de Presidentes de Ligas de toda la provincia de Santa Fe junto al Presidente de la Federaci\u00f3n Santafesina de F\u00fatbol Carlos Lanzaro.<\/strong><\/p>\n<p>Tanto el Presidente de la Federaci\u00f3n como as\u00ed tambi\u00e9n sus pares liguistas, esperan la confirmaci\u00f3n de la habitaci\u00f3n de p\u00fablico en los estadios para retomar la actividad oficial. Dicho DNU saldr\u00e1 hoy viernes 20 de agosto y se espera contar con la apertura de una capacidad m\u00ednima de 200 personas en cada estadio de la Provincia.<\/p>\n<p>En torno a esto, el pr\u00f3ximo fin de semana estar\u00edan comenzando sus actividades las Ligas Santafesina, Casildense, Venadense y Esperancina, que se sumar\u00edan a las que ya retomaron sus actividades el 7 de Agosto, Asociaci\u00f3n Rosarina y Liga Paivense. Por su parte, Liga Deportiva del Sur y Sanlorencina jugar\u00e1n partidos pendientes entre s\u00e1bado y domingo pr\u00f3ximo.<\/p>\n<p>Las ligas restantes programan el retorno para el \u00faltimo fin de semana de Agosto y el primer fin de semana de Septiembre, tal el caso de la Liga Reconquistense (3-4-5 septiembre).<\/p>\n<p>De las 19 Ligas que integran la Federaci\u00f3n, la \u00fanica ausente fue la Liga Paivense.<\/p>\n","protected":false},"excerpt":{"rendered":"<p>En la noche del jueves 19 de agosto y v\u00eda Zoom, se desarroll\u00f3 una reuni\u00f3n de Presidentes de Ligas de toda la provincia de Santa Fe junto al Presidente de la Federaci\u00f3n Santafesina de F\u00fatbol Carlos Lanzaro. Tanto el Presidente de la Federaci\u00f3n como as\u00ed tambi\u00e9n sus pares liguistas, esperan la confirmaci\u00f3n de la habitaci\u00f3n [&hellip;]<\/p>\n","protected":false},"author":3,"featured_media":25313,"comment_status":"open","ping_status":"open","sticky":false,"template":"","format":"standard","meta":{"_joinchat":[],"footnotes":""},"categories":[31,56,35],"tags":[],"class_list":{"0":"post-25311","1":"post","2":"type-post","3":"status-publish","4":"format-standard","5":"has-post-thumbnail","7":"category-deportes","8":"category-destacados","9":"category-futbol"},"_links":{"self":[{"href":"https:\/\/infovera.com.ar\/web\/wp-json\/wp\/v2\/posts\/25311","targetHints":{"allow":["GET"]}}],"collection":[{"href":"https:\/\/infovera.com.ar\/web\/wp-json\/wp\/v2\/posts"}],"about":[{"href":"https:\/\/infovera.com.ar\/web\/wp-json\/wp\/v2\/types\/post"}],"author":[{"embeddable":true,"href":"https:\/\/infovera.com.ar\/web\/wp-json\/wp\/v2\/users\/3"}],"replies":[{"embeddable":true,"href":"https:\/\/infovera.com.ar\/web\/wp-json\/wp\/v2\/comments?post=25311"}],"version-history":[{"count":0,"href":"https:\/\/infovera.com.ar\/web\/wp-json\/wp\/v2\/posts\/25311\/revisions"}],"wp:featuredmedia":[{"embeddable":true,"href":"https:\/\/infovera.com.ar\/web\/wp-json\/wp\/v2\/media\/25313"}],"wp:attachment":[{"href":"https:\/\/infovera.com.ar\/web\/wp-json\/wp\/v2\/media?parent=25311"}],"wp:term":[{"taxonomy":"category","embeddable":true,"href":"https:\/\/infovera.com.ar\/web\/wp-json\/wp\/v2\/categories?post=25311"},{"taxonomy":"post_tag","embeddable":true,"href":"https:\/\/infovera.com.ar\/web\/wp-json\/wp\/v2\/tags?post=25311"}],"curies":[{"name":"wp","href":"https:\/\/api.w.org\/{rel}","templated":true}]}}