{"id":25309,"date":"2021-08-21T12:48:04","date_gmt":"2021-08-21T15:48:04","guid":{"rendered":"https:\/\/infovera.com.ar\/web\/?p=25309"},"modified":"2021-08-21T12:48:04","modified_gmt":"2021-08-21T15:48:04","slug":"reconquista-habra-futbol-liguista-en-2021","status":"publish","type":"post","link":"https:\/\/infovera.com.ar\/web\/2021\/08\/21\/reconquista-habra-futbol-liguista-en-2021\/","title":{"rendered":"Reconquista: habr\u00e1 F\u00fatbol Liguista en 2021"},"content":{"rendered":"<p><strong>La noticia de la confirmaci\u00f3n se dio a conocer tras la reuni\u00f3n de los Presidentes de los Clubes de Reconquista con el Intendente Dr. Amadeo Enrique Vallejos, realizada en la noche de este viernes 20 de agosto en el Club Atl\u00e9tico Adelante Reconquista.<\/strong><\/p>\n<p>El certamen, denominado &#8220;Copa Centenario del Club Social y Deportivo Platense Porvenir&#8221;, tendr\u00e1 su Lanzamiento Oficial en conferencia de prensa el 1 de septiembre en la instituci\u00f3n del Bv. Lovato y la primera fecha se disputar\u00e1 entre el viernes 3, el s\u00e1bado 4 y el domingo 5 de septiembre.<\/p>\n<p>En dicho encuentro, el Gobierno de Reconquista hizo entrega de una ayuda econ\u00f3mica a la Liga que recibi\u00f3 su Presidente Sr. Miguel Visent\u00edn, destinado a solventar gastos ocasionados en oportunidad de la realizaci\u00f3n de la &#8220;Copa Ciudad de Reconquista&#8221; y de la &#8220;Copa Desaf\u00edo de Campeones&#8221; en Primera Divisi\u00f3n, eventos realizados entre los d\u00edas 6 y 23 de marzo y 12 de abril del corriente a\u00f1o respectivamente.<\/p>\n<p>A la cita de primeros mandatarios tambi\u00e9n asisti\u00f3 el Secretario de Control P\u00fablico Lic. Nicol\u00e1s Sandrigo y el Subsecretario de Deportes Prof. Ives Saucedo, con quienes se lleg\u00f3 a un total acuerdo en todos los temas relacionados al apoyo que brindar\u00e1 el Municipio para hacer que la vuelta del F\u00fatbol sea una realidad en el final de este 2021.<\/p>\n","protected":false},"excerpt":{"rendered":"<p>La noticia de la confirmaci\u00f3n se dio a conocer tras la reuni\u00f3n de los Presidentes de los Clubes de Reconquista con el Intendente Dr. Amadeo Enrique Vallejos, realizada en la noche de este viernes 20 de agosto en el Club Atl\u00e9tico Adelante Reconquista. El certamen, denominado &#8220;Copa Centenario del Club Social y Deportivo Platense Porvenir&#8221;, [&hellip;]<\/p>\n","protected":false},"author":3,"featured_media":25317,"comment_status":"open","ping_status":"open","sticky":false,"template":"","format":"standard","meta":{"_joinchat":[],"footnotes":""},"categories":[31,35],"tags":[],"class_list":{"0":"post-25309","1":"post","2":"type-post","3":"status-publish","4":"format-standard","5":"has-post-thumbnail","7":"category-deportes","8":"category-futbol"},"_links":{"self":[{"href":"https:\/\/infovera.com.ar\/web\/wp-json\/wp\/v2\/posts\/25309","targetHints":{"allow":["GET"]}}],"collection":[{"href":"https:\/\/infovera.com.ar\/web\/wp-json\/wp\/v2\/posts"}],"about":[{"href":"https:\/\/infovera.com.ar\/web\/wp-json\/wp\/v2\/types\/post"}],"author":[{"embeddable":true,"href":"https:\/\/infovera.com.ar\/web\/wp-json\/wp\/v2\/users\/3"}],"replies":[{"embeddable":true,"href":"https:\/\/infovera.com.ar\/web\/wp-json\/wp\/v2\/comments?post=25309"}],"version-history":[{"count":0,"href":"https:\/\/infovera.com.ar\/web\/wp-json\/wp\/v2\/posts\/25309\/revisions"}],"wp:featuredmedia":[{"embeddable":true,"href":"https:\/\/infovera.com.ar\/web\/wp-json\/wp\/v2\/media\/25317"}],"wp:attachment":[{"href":"https:\/\/infovera.com.ar\/web\/wp-json\/wp\/v2\/media?parent=25309"}],"wp:term":[{"taxonomy":"category","embeddable":true,"href":"https:\/\/infovera.com.ar\/web\/wp-json\/wp\/v2\/categories?post=25309"},{"taxonomy":"post_tag","embeddable":true,"href":"https:\/\/infovera.com.ar\/web\/wp-json\/wp\/v2\/tags?post=25309"}],"curies":[{"name":"wp","href":"https:\/\/api.w.org\/{rel}","templated":true}]}}