{"id":25302,"date":"2021-08-21T12:17:44","date_gmt":"2021-08-21T15:17:44","guid":{"rendered":"https:\/\/infovera.com.ar\/web\/?p=25302"},"modified":"2021-08-21T12:17:44","modified_gmt":"2021-08-21T15:17:44","slug":"se-registro-secuestro-record-de-armas-de-fuego-en-los-ultimos-18-meses-en-la-provincia","status":"publish","type":"post","link":"https:\/\/infovera.com.ar\/web\/2021\/08\/21\/se-registro-secuestro-record-de-armas-de-fuego-en-los-ultimos-18-meses-en-la-provincia\/","title":{"rendered":"Se registr\u00f3 secuestro r\u00e9cord de armas de fuego en los \u00faltimos 18 meses en la provincia"},"content":{"rendered":"<p><strong>Entre el 1 de enero de 2020 y el 30 de junio de 2021 se secuestraron m\u00e1s de 5 mil armas de fuego en el territorio santafesino, lo que equivale a un promedio de 10 armas incautadas por d\u00eda.<\/strong><\/p>\n<p>El gobierno de la provincia de Santa Fe, a trav\u00e9s del Ministerio de Seguridad, realiza regularmente reportes para obtener informaci\u00f3n calificada acerca de las armas de fuego secuestradas, la circulaci\u00f3n ilegal de las mismas, los lugares de mayor circulaci\u00f3n, etc.<\/p>\n<p>En este nuevo informe, realizado entre el Observatorio de Seguridad P\u00fablica, la Agencia Provincial de Prevenci\u00f3n de la Violencia con Armas de Fuego y el Departamento de Informaciones Policiales D-2, da cuenta de los secuestros de armas de fuego realizados por las fuerzas policiales dependientes del Ministerio de Seguridad entre 2019 y 2021.En este sentido, el ministro de Seguridad de la provincia, Jorge Lagna, destac\u00f3 que \u201cse trata de un reporte que nos permite saber qu\u00e9 tipo de armas est\u00e1n circulando en la calle, c\u00f3mo circulan esas armas ilegales, y al mismo tiempo, ver la eficiencia que est\u00e1 teniendo la fuerza policial en torno al secuestro de armas de fuego&#8221;.<\/p>\n<p>&#8220;Es un trabajo muy importante porque nos permite construir informaci\u00f3n de calidad en torno a la circulaci\u00f3n ilegal de armas, y en el marco de qu\u00e9 situaciones son secuestradas\u201d, sostuvo Lagna.<\/p>\n<p>Por su parte, el subsecretario de la Agencia Provincial de Prevenci\u00f3n de la Violencia con Armas de Fuego (APVAF), Lautaro Sappietro, destac\u00f3 que \u201ceste informe nos permite tener informaci\u00f3n de calidad en torno a las armas que se secuestran a lo largo y ancho de toda la provincia. Nos permite tener an\u00e1lisis e informaci\u00f3n en torno a cada una de las armas que se secuestra por parte de la polic\u00eda, tener los n\u00fameros y las cantidades, saber en el marco de qu\u00e9 situaciones se secuestran estas armas, y construir informaci\u00f3n de calidad para la elaboraci\u00f3n de pol\u00edticas p\u00fablicas en relaci\u00f3n a este tema\u201d, indic\u00f3 Sappietro.<\/p>\n<p>Reporte de Secuestros de armas de fuego<br \/>\nDe acuerdo al informe, entre el 1 de enero de 2020 y el 30 de junio de 2021 se registraron 5.496 armas de fuego secuestradas por fuerzas dependientes del Ministerio de Seguridad de la provincia de Santa Fe. Esta cifra equivale a un promedio de un poco m\u00e1s de diez armas de fuego secuestradas diariamente dentro del territorio provincial.<\/p>\n<p>Adem\u00e1s, el informe detalla que en todos los a\u00f1os que se analizan es preponderante la presencia de armas cortas, seguida por las armas largas y en menor medida armas de fabricaci\u00f3n casera. M\u00e1s de la mitad de las armas de fuego secuestradas desde el 2019 fueron armas cortas.<\/p>\n<p>Tambi\u00e9n, las Unidades Regionales de la provincia han concentrado la mayor cantidad de secuestros de armas de fuego durante el primer semestre de 2021, con m\u00e1s de la mitad de las armas de fuego secuestradas. Dentro de estas, la Unidad Regional II de Rosario y la Unidad Regional I de La Capital son las jurisdicciones con mayor caudal de secuestros, registrando para el primer semestre de 2021 casi 400 armas secuestradas en el caso de Rosario y 260 en el caso de La Capital.<\/p>\n<p>Vale mencionar que, a fines del 2019, no exist\u00eda un sistema de informaci\u00f3n integral en el Ministerio de Seguridad que diera cuenta acerca del secuestro de armas de fuego que realizaba la fuerza policial dependiente de la provincia. Con la creaci\u00f3n de la Agencia Provincial de Prevenci\u00f3n de la Violencia con Armas de Fuego, durante la actual gesti\u00f3n provincial, las instituciones que participan de la elaboraci\u00f3n del informe dieron el primer paso protocolizando algunos canales de informaci\u00f3n, en un plan que incluy\u00f3 tanto planillas modelo para el reporte de los datos como instructivos y capacitaciones.<\/p>\n","protected":false},"excerpt":{"rendered":"<p>Entre el 1 de enero de 2020 y el 30 de junio de 2021 se secuestraron m\u00e1s de 5 mil armas de fuego en el territorio santafesino, lo que equivale a un promedio de 10 armas incautadas por d\u00eda. El gobierno de la provincia de Santa Fe, a trav\u00e9s del Ministerio de Seguridad, realiza regularmente [&hellip;]<\/p>\n","protected":false},"author":3,"featured_media":25304,"comment_status":"open","ping_status":"open","sticky":false,"template":"","format":"standard","meta":{"_joinchat":[],"footnotes":""},"categories":[60],"tags":[],"class_list":{"0":"post-25302","1":"post","2":"type-post","3":"status-publish","4":"format-standard","5":"has-post-thumbnail","7":"category-provinciales"},"_links":{"self":[{"href":"https:\/\/infovera.com.ar\/web\/wp-json\/wp\/v2\/posts\/25302","targetHints":{"allow":["GET"]}}],"collection":[{"href":"https:\/\/infovera.com.ar\/web\/wp-json\/wp\/v2\/posts"}],"about":[{"href":"https:\/\/infovera.com.ar\/web\/wp-json\/wp\/v2\/types\/post"}],"author":[{"embeddable":true,"href":"https:\/\/infovera.com.ar\/web\/wp-json\/wp\/v2\/users\/3"}],"replies":[{"embeddable":true,"href":"https:\/\/infovera.com.ar\/web\/wp-json\/wp\/v2\/comments?post=25302"}],"version-history":[{"count":0,"href":"https:\/\/infovera.com.ar\/web\/wp-json\/wp\/v2\/posts\/25302\/revisions"}],"wp:featuredmedia":[{"embeddable":true,"href":"https:\/\/infovera.com.ar\/web\/wp-json\/wp\/v2\/media\/25304"}],"wp:attachment":[{"href":"https:\/\/infovera.com.ar\/web\/wp-json\/wp\/v2\/media?parent=25302"}],"wp:term":[{"taxonomy":"category","embeddable":true,"href":"https:\/\/infovera.com.ar\/web\/wp-json\/wp\/v2\/categories?post=25302"},{"taxonomy":"post_tag","embeddable":true,"href":"https:\/\/infovera.com.ar\/web\/wp-json\/wp\/v2\/tags?post=25302"}],"curies":[{"name":"wp","href":"https:\/\/api.w.org\/{rel}","templated":true}]}}