{"id":25292,"date":"2021-08-21T12:06:27","date_gmt":"2021-08-21T15:06:27","guid":{"rendered":"https:\/\/infovera.com.ar\/web\/?p=25292"},"modified":"2021-08-22T22:19:22","modified_gmt":"2021-08-23T01:19:22","slug":"mirabella-alineo-al-peronismo-departamental-y-aseguro-queremos-que-santa-fe-vuelva-a-ser-ese-gran-faro-de-crecimiento-economico","status":"publish","type":"post","link":"https:\/\/infovera.com.ar\/web\/2021\/08\/21\/mirabella-alineo-al-peronismo-departamental-y-aseguro-queremos-que-santa-fe-vuelva-a-ser-ese-gran-faro-de-crecimiento-economico\/","title":{"rendered":"Mirabella aline\u00f3 al peronismo departamental y asegur\u00f3: &#8220;Queremos que Santa Fe vuelva a ser ese gran faro de crecimiento econ\u00f3mico&#8221;"},"content":{"rendered":"<p><strong>&#8220;Queremos vivir en una Santa Fe que acepte las diferencias pero no las desigualdades&#8221; <\/strong><strong>As\u00ed lo expres\u00f3 junto a Mastaler\u00a0durante una recorrida por el Departamento, en una semana donde ambos precandidatos caminaron el norte de la Provincia.<\/strong><\/p>\n<p>Roberto Mirabella y Magal\u00ed Mastaler, precandidatos a diputados nacionales por la Lista Celeste y Blanca del Frente de Todos, visitaron las localidades de Vera, Calchaqu\u00ed, Margarita y La Gallareta del Departamento Vera junto a los tambi\u00e9n precandidatos para la c\u00e1mara baja Mar\u00eda Haydee Maggio y Fabricio Medina.<\/p>\n<p>All\u00ed, recorrieron obras y distintas inversiones que lleva adelante el gobierno provincial y el gobierno nacional en conjunto con el Municipio; visitaron cooperativas vinculadas al sector agroalimentario; escucharon a vecinos y comerciantes; acompa\u00f1aron a la ANSES en la entrega de pr\u00e9stamos para adultos mayores a tasa blanda y mantuvieron encuentros con los precandidatos a concejales y presidentes comunales del espacio.<\/p>\n<p>En el cierre de una semana donde caminaron el norte de la provincia, Mirabella destac\u00f3 que &#8220;queremos vivir en una Santa Fe que acepte las diferencias pero no las desigualdades, como siempre decimos con Perotti&#8221; y asever\u00f3 que &#8220;lo que estamos intentando instrumentar son pol\u00edticas para igualar oportunidades&#8221;.<\/p>\n<p>Destac\u00f3, en ese marco, la vocaci\u00f3n del gobierno provincial de &#8220;apuntalar el crecimiento y el desarrollo econ\u00f3mico y productivo de nuestra Provincia&#8221; y asever\u00f3 que &#8220;vemos una reactivaci\u00f3n importante de la actividad econ\u00f3mica, con mucha expectativa positiva, incluso en inversiones y en expectativas de seguir generando valor y seguir generando empleo&#8221;, al referirse al di\u00e1logo territorial que mantuvo esta semana con sectores productivos durante su recorrida por los Departamentos Vera, General Obligado y 9 de julio.<\/p>\n<p>&#8220;Es ah\u00ed donde queremos estar&#8221;, dijo a continuaci\u00f3n al tiempo que remarc\u00f3 que &#8220;por eso Santa Fe lider\u00f3 las actividades econ\u00f3micas con protocolo en la Argentina y tambi\u00e9n lideramos la creaci\u00f3n de empleo industrial&#8221;. Asimismo, manifest\u00f3 que &#8220;Santa Fe es el coraz\u00f3n productivo de la Argentina&#8221;. &#8220;Aqu\u00ed late producci\u00f3n, late trabajo, late creatividad, late innovaci\u00f3n, late esfuerzo&#8221;. &#8220;Esto es lo que queremos ser y mostrar a la Argentina, que Santa Fe vuelva a ser ese gran faro de crecimiento econ\u00f3mico, de desarrollo y de calidad de vida&#8221;, complet\u00f3.<\/p>\n<p>En tanto, Magal\u00ed Mastaler se\u00f1al\u00f3 que &#8220;nuestro gobernador nos invit\u00f3 a construir una provincia diversa, plural y territorial&#8221; y sostuvo que desde la Lista Celeste y Blanca &#8220;expresamos diversidad y una pluralidad&#8221;. &#8220;Somos una propuesta pol\u00edtica que tiene como objetivo consolidar un modelo pol\u00edtico y de gesti\u00f3n que inici\u00f3 en 2019 con la conformaci\u00f3n del Frente de Todos que es lo que nos permiti\u00f3 recuperar nuestra Provincia y tambi\u00e9n volver a gobernar nuestro pa\u00eds. El objetivo es profundizar este proyecto que lleva 2 a\u00f1os y que necesitamos seguir consolidando y construyendo&#8221;, a\u00f1adi\u00f3.<\/p>\n<p>En Calchaqu\u00ed, Mirabella y Mastaler fueron recibidos por el intendente Rub\u00e9n Cuello con quien\u00a0visitaron los trabajos\u00a0para la\u00a0Construcci\u00f3n de la Estaci\u00f3n Terminal de \u00d3mnibus\u00a0que se realiza a partir de una inversi\u00f3n provincial de m\u00e1s de 178 millones de pesos. Tambi\u00e9n\u00a0recorrieron las obras de pavimentaci\u00f3n que se realizan\u00a0en distintos barrios de la ciudad en el marco del plan Argentina Hace\u00a0del gobierno nacional y que implica\u00a0una inversi\u00f3n total de m\u00e1s de 89 millones de pesos.<\/p>\n<p>Asimismo, en la visita, dialogaron con Cuello sobre la reciente apertura de la licitaci\u00f3n de la Obra de Ripio en el Acceso a La Laguna el Cristal, trabajos que representara una inversi\u00f3n del gobierno provincial de m\u00e1s de 265 millones de pesos y fueron invitados a participar de un acto para la entrega de pr\u00e9stamos para adultos mayores a tasa blanda de la ANSES y posteriormente a la firma de un convenio con el gobierno nacional para obra de cloacas en el Barrio San Mart\u00edn.<\/p>\n<p>&#8220;Estamos con obras e inversi\u00f3n p\u00fablica en cada lugar y rinc\u00f3n de la Provincia de Santa Fe. Cada uno de los 365 pueblos y ciudades pueden exhibir inversi\u00f3n p\u00fablica a trav\u00e9s de distintos programas provinciales o nacionales. Este es el modelo de gesti\u00f3n que queremos desarrollar en la Provincia. Que la persona que nace en un lugar pueda tener la posibilidad de trabajar, estudiar, formar una familia y de so\u00f1ar un futuro en el lugar donde naci\u00f3. Y para eso se necesitan obras de infraestructura, acceso a servicios sanitarios, a servicios b\u00e1sicos, conectividad vial, conectividad digital. Esto es lo que necesitamos para que crezca la Provincia a trav\u00e9s del crecimiento de cada uno de los lugares donde vivimos&#8221;, sostuvo Mirabella en Calchaqu\u00ed.<\/p>\n<p>M\u00e1s tarde, en Margarita, los precandidatos a diputados nacionales visitaron la Cooperativa Agr\u00edcola Mixta que se dedica al Acopio de Cereales y Oleaginosos, la Producci\u00f3n de Alimentos Balanceados y la Venta de Semillas. Luego, se dirigieron a la plaza central de la ciudad donde acompa\u00f1aron a Leonela Cena que es precandidata a presidenta comunal en la presentaci\u00f3n de la lista. Durante el acto, Mirabella ratific\u00f3 el compromiso del gobierno provincial por avanzar en las obras de reposici\u00f3n de ripio de la ruta 87s, una demanda de los vecinos y vecinas.\u00a0 &#8220;Esa ruta es muy importante para este lugar. Por eso Leonela sin todav\u00eda ser la primera presidenta comunal mujer de la historia de Margarita ya se la fue a pedir al Gobernador. Y estoy convencido que se va a hacer&#8221;, coment\u00f3 al respecto.<\/p>\n<p>La recorrida de Mirabella y Mastaler por el Departamento Vera continu\u00f3 por La Gallareta donde dialogaron con la gente, visitaron el SAMCO y estuvieron con docentes y alumnos de la escuela de Educaci\u00f3n T\u00e9cnica N\u00b0296. Luego, acompa\u00f1aron a Hern\u00e1n D\u00edaz que es precandidato a presidenta comunal en la presentaci\u00f3n de la lista.<\/p>\n<p>En la ciudad de Vera, fueron invitados por la intendenta Paula Mitre a una reuni\u00f3n donde dialogaron sobre las distintas obras que est\u00e1 realizando la Provincia y en la ciudad y la regi\u00f3n y los proyectos a futuro que est\u00e1n en carpeta. Luego, participaron de la presentaci\u00f3n de precandidatos de todo el departamento.<\/p>\n<p>Desde all\u00ed Mirabella expres\u00f3 &#8220;una\u00a0alegr\u00eda gigante por ver todas estas personas, hombres y mujeres, que tienen este compromiso, estas ganas, este esfuerzo, por construir su comunidad&#8221; y remarc\u00f3\u00a0que &#8220;queremos volver a hacer de Santa Fe un gran faro para las provincias argentinas y sentir el orgullo como siente cada santafesina y santafesina en cada pueblo y en cada ciudad, el orgullo de vivir donde uno naci\u00f3 y eso es lo que tenemos que volver a sentir ese orgullo de ser santafesino&#8221;.<\/p>\n<p>En tanto, Magal\u00ed Mastaler manifest\u00f3 que &#8220;me parece fundamental que para que Santa Fe sea una provincia protagonista dentro de un proyecto nacional necesitamos que cada una de las ciudades y comunidades est\u00e9 liderada por personas como ustedes, que tienen un compromiso con su realidad y con la transformaci\u00f3n de la vida de sus vecinos y vecinas. A dar la mejor de las peleas con esto que nos identifica que es el hacer y poniendo en hechos concretos pol\u00edticas p\u00fablicas que ampl\u00eden ciudadan\u00eda y generen derechos&#8221;.<\/p>\n","protected":false},"excerpt":{"rendered":"<p>&#8220;Queremos vivir en una Santa Fe que acepte las diferencias pero no las desigualdades&#8221; As\u00ed lo expres\u00f3 junto a Mastaler\u00a0durante una recorrida por el Departamento, en una semana donde ambos precandidatos caminaron el norte de la Provincia. Roberto Mirabella y Magal\u00ed Mastaler, precandidatos a diputados nacionales por la Lista Celeste y Blanca del Frente de [&hellip;]<\/p>\n","protected":false},"author":3,"featured_media":25294,"comment_status":"open","ping_status":"open","sticky":false,"template":"","format":"standard","meta":{"_joinchat":[],"footnotes":""},"categories":[66],"tags":[],"class_list":{"0":"post-25292","1":"post","2":"type-post","3":"status-publish","4":"format-standard","5":"has-post-thumbnail","7":"category-politica"},"_links":{"self":[{"href":"https:\/\/infovera.com.ar\/web\/wp-json\/wp\/v2\/posts\/25292","targetHints":{"allow":["GET"]}}],"collection":[{"href":"https:\/\/infovera.com.ar\/web\/wp-json\/wp\/v2\/posts"}],"about":[{"href":"https:\/\/infovera.com.ar\/web\/wp-json\/wp\/v2\/types\/post"}],"author":[{"embeddable":true,"href":"https:\/\/infovera.com.ar\/web\/wp-json\/wp\/v2\/users\/3"}],"replies":[{"embeddable":true,"href":"https:\/\/infovera.com.ar\/web\/wp-json\/wp\/v2\/comments?post=25292"}],"version-history":[{"count":0,"href":"https:\/\/infovera.com.ar\/web\/wp-json\/wp\/v2\/posts\/25292\/revisions"}],"wp:featuredmedia":[{"embeddable":true,"href":"https:\/\/infovera.com.ar\/web\/wp-json\/wp\/v2\/media\/25294"}],"wp:attachment":[{"href":"https:\/\/infovera.com.ar\/web\/wp-json\/wp\/v2\/media?parent=25292"}],"wp:term":[{"taxonomy":"category","embeddable":true,"href":"https:\/\/infovera.com.ar\/web\/wp-json\/wp\/v2\/categories?post=25292"},{"taxonomy":"post_tag","embeddable":true,"href":"https:\/\/infovera.com.ar\/web\/wp-json\/wp\/v2\/tags?post=25292"}],"curies":[{"name":"wp","href":"https:\/\/api.w.org\/{rel}","templated":true}]}}