{"id":25281,"date":"2021-08-20T19:04:18","date_gmt":"2021-08-20T22:04:18","guid":{"rendered":"https:\/\/infovera.com.ar\/web\/?p=25281"},"modified":"2021-08-20T19:05:26","modified_gmt":"2021-08-20T22:05:26","slug":"dario-nievas-nos-mueve-hacer-somos-una-forma-diferente-de-hacer-politica","status":"publish","type":"post","link":"https:\/\/infovera.com.ar\/web\/2021\/08\/20\/dario-nievas-nos-mueve-hacer-somos-una-forma-diferente-de-hacer-politica\/","title":{"rendered":"Dar\u00edo Nievas: &#8220;Nos mueve hacer, somos una forma diferente de hacer pol\u00edtica&#8221;"},"content":{"rendered":"<p><strong>El precandidato a concejal por Hacemos Santa Fe en Vera, Dar\u00edo Nievas, asegur\u00f3 que &#8220;nos mueve hacer&#8221; y afirm\u00f3 que &#8220;somos una forma diferente de hacer pol\u00edtica&#8221;.<\/strong><\/p>\n<p>Fue en el discurso de campa\u00f1a que brind\u00f3 en el acto desarrollado en la sede de Club Social Vera, que estuvo encabezado por el senador nacional Roberto Mirabella y que cont\u00f3 con la presencia del intendente de Calchaqu\u00ed, Rub\u00e9n Cuello, y de los precandidatos a presidentes comunales de todos los distritos del departamento Vera; y donde se present\u00f3 Hacemos Santa Fe, la lista oficialista en la provincia.<\/p>\n<p>Sus principales conceptos en este video:<\/p>\n<p><iframe loading=\"lazy\" title=\"Dar\u00edo Nievas, precandidato a concejal por Hacemos Santa Fe en Vera\" width=\"696\" height=\"392\" src=\"https:\/\/www.youtube.com\/embed\/Ldu_6k-HFIw?feature=oembed\" frameborder=\"0\" allow=\"accelerometer; autoplay; clipboard-write; encrypted-media; gyroscope; picture-in-picture; web-share\" referrerpolicy=\"strict-origin-when-cross-origin\" allowfullscreen><\/iframe><\/p>\n","protected":false},"excerpt":{"rendered":"<p>El precandidato a concejal por Hacemos Santa Fe en Vera, Dar\u00edo Nievas, asegur\u00f3 que &#8220;nos mueve hacer&#8221; y afirm\u00f3 que &#8220;somos una forma diferente de hacer pol\u00edtica&#8221;. Fue en el discurso de campa\u00f1a que brind\u00f3 en el acto desarrollado en la sede de Club Social Vera, que estuvo encabezado por el senador nacional Roberto Mirabella [&hellip;]<\/p>\n","protected":false},"author":3,"featured_media":25285,"comment_status":"open","ping_status":"open","sticky":false,"template":"","format":"standard","meta":{"_joinchat":[],"footnotes":""},"categories":[66],"tags":[],"class_list":{"0":"post-25281","1":"post","2":"type-post","3":"status-publish","4":"format-standard","5":"has-post-thumbnail","7":"category-politica"},"_links":{"self":[{"href":"https:\/\/infovera.com.ar\/web\/wp-json\/wp\/v2\/posts\/25281","targetHints":{"allow":["GET"]}}],"collection":[{"href":"https:\/\/infovera.com.ar\/web\/wp-json\/wp\/v2\/posts"}],"about":[{"href":"https:\/\/infovera.com.ar\/web\/wp-json\/wp\/v2\/types\/post"}],"author":[{"embeddable":true,"href":"https:\/\/infovera.com.ar\/web\/wp-json\/wp\/v2\/users\/3"}],"replies":[{"embeddable":true,"href":"https:\/\/infovera.com.ar\/web\/wp-json\/wp\/v2\/comments?post=25281"}],"version-history":[{"count":0,"href":"https:\/\/infovera.com.ar\/web\/wp-json\/wp\/v2\/posts\/25281\/revisions"}],"wp:featuredmedia":[{"embeddable":true,"href":"https:\/\/infovera.com.ar\/web\/wp-json\/wp\/v2\/media\/25285"}],"wp:attachment":[{"href":"https:\/\/infovera.com.ar\/web\/wp-json\/wp\/v2\/media?parent=25281"}],"wp:term":[{"taxonomy":"category","embeddable":true,"href":"https:\/\/infovera.com.ar\/web\/wp-json\/wp\/v2\/categories?post=25281"},{"taxonomy":"post_tag","embeddable":true,"href":"https:\/\/infovera.com.ar\/web\/wp-json\/wp\/v2\/tags?post=25281"}],"curies":[{"name":"wp","href":"https:\/\/api.w.org\/{rel}","templated":true}]}}