{"id":25257,"date":"2021-08-20T16:08:23","date_gmt":"2021-08-20T19:08:23","guid":{"rendered":"https:\/\/infovera.com.ar\/web\/?p=25257"},"modified":"2021-08-21T12:36:14","modified_gmt":"2021-08-21T15:36:14","slug":"fuerte-apoyo-de-mauricio-macri-a-las-precandidaturas-de-federico-angelini-y-amalia-granata-en-santa-fe","status":"publish","type":"post","link":"https:\/\/infovera.com.ar\/web\/2021\/08\/20\/fuerte-apoyo-de-mauricio-macri-a-las-precandidaturas-de-federico-angelini-y-amalia-granata-en-santa-fe\/","title":{"rendered":"Fuerte apoyo de Mauricio Macri a las precandidaturas de Federico Angelini y Amalia Granata en Santa Fe"},"content":{"rendered":"<p><strong>\u201cFederico es un batallador incansable y siempre le ha puesto l\u00edmites a los atropellos del Kirchnerismo\u201d, subray\u00f3 el expresidente sobre el precandidato a senador por Santa Fe Nos Une y destac\u00f3 que a Granata \u201cla veo con la fuerte convicci\u00f3n de defender al ciudadano de a pie\u201d.<\/strong><\/p>\n<p>A pocas semanas de las elecciones PASO del 12 de septiembre, el expresidente Mauricio Macri ratific\u00f3 hoy su firme apoyo al precandidato a senador de Juntos por el Cambio por la lista Santa Fe Nos Une, Federico Angelini, quien preside el PRO a nivel nacional junto con la exministra de Seguridad, Patricia Bullrich.<\/p>\n<p>\u201cYo trabaj\u00e9 con muchos dirigentes en Santa Fe, pero claramente vamos a apoyar la continuidad del esfuerzo del PRO, en cabeza de Federico Angelini, que es un batallador incansable y que siempre le ha puesto l\u00edmites a los atropellos del Kirchnerismo\u201d, afirm\u00f3 Macri en di\u00e1logo con Radio 2. \u201cCreo realmente en la coherencia y en el trabajo que viene realizando Federico y el partido en Santa Fe, por lo que va a ser un buen refuerzo en el Senado para decirle \u00b4basta\u00b4 a tanto dedito autoritario que hemos visto en este a\u00f1o y medio\u201d, subray\u00f3 el exmandatario y l\u00edder del PRO.<\/p>\n<p>A su vez, Macri tambi\u00e9n destac\u00f3 a Luciano Laspina, que lidera la lista a Diputados junto a la actual diputada Gisela Scaglia y al excanciller Jorge Faurie y dijo que el reconocido economista \u201cencabeza una lista que muestra una gran experiencia\u201d.<\/p>\n<p>Tambi\u00e9n el expresidente tuvo palabras de elogios para resaltar la incorporaci\u00f3n de Amalia Granata como compa\u00f1era de f\u00f3rmula de Angelini al Senado: \u201cLa veo con mucha fuerza, muchas ganas y con la fuerte convicci\u00f3n de defender al ciudadano de a pie, que se siente cada vez m\u00e1s atropellado por este tipo de pol\u00edticas\u201d.<\/p>\n<p>\u201cVOLVIERON MEJORES PARA DESTRUIR\u201d<\/p>\n<p>Por otra parte, Macri tambi\u00e9n se refiri\u00f3 al gobierno actual de Alberto Fern\u00e1ndez y critic\u00f3 los retrocesos que hubo en materia de seguridad, comercio exterior y deuda, sosteniendo que, sobre todo, en este \u00faltimo punto el Kirchnerismo \u201cha creado su propia verdad\u201d.<\/p>\n<p>\u201cNo han vuelto mejores o, en todo caso, volvieron mejores para atropellar y para destruir, porque no solo arreglaron ninguna de las cosas que nosotros no pudimos arreglar, de aquella bomba que nos dejaron, sino que encima retrocedieron en muchas cosas que hab\u00edamos hecho\u201d, expres\u00f3.<\/p>\n<p>Macri consider\u00f3 que, durante su gesti\u00f3n, con la presencia de la Gendarmer\u00eda \u201cse le daba una enorme tranquilidad a los santafesinos\u201d, y resalt\u00f3 que \u201cPatricia (Bullrich) estaba permanentemente sobre el tema. Los narcos iban presos y hoy se escapan, y los pocos gendarmes que hay, hoy est\u00e1n cuidando el tr\u00e1nsito; todo eso, la verdad que lo est\u00e1n sufriendo los santafesinos\u201d, asever\u00f3.<\/p>\n<p>En relaci\u00f3n al comercio exterior, ponder\u00f3 que \u201cSanta Fe es uno de los grandes exportadores de carne\u201d, pero indic\u00f3 que el gobierno, al ver que \u201caument\u00f3 de precio, cerr\u00f3 las exportaciones, cuando nosotros hab\u00edamos abierto mercados y recuperado miles de puestos de trabajo\u201d, por lo que lament\u00f3: \u201cAhora ponen otra vez en crisis todo ese sistema laboral y no logran que la carne baje de precio\u201d.<\/p>\n<p>En tanto, Macri asegur\u00f3 que \u201cla destrucci\u00f3n del valor de la palabra es lo m\u00e1s grave que hace el populismo creando su propia verdad\u201d. Se\u00f1al\u00f3 que \u201cno voy a defender a nuestro gobierno porque si perdimos, fue porque estuvimos lejos de las expectativas que hab\u00edamos generado, y nunca cuestiono el voto de la gente\u201d, pero aclar\u00f3: \u201cCristina Kirchner hered\u00f3 super\u00e1vit y nosotros heredamos d\u00e9ficit y por eso, tuvimos que tomar deuda. A pesar de eso, la se\u00f1ora Cristina Kirchner tom\u00f3 deuda por 17.600 millones de d\u00f3lares por a\u00f1o, y nosotros 12.000, los cuales lamento porque soy de la cultura de no tomar deuda. Pero lo m\u00e1s grave es que hoy, el gobierno actual, ha tomado 33.000 millones de d\u00f3lares en el primer a\u00f1o\u201d. Y finaliz\u00f3: \u201cHoy, las Leliq, que el se\u00f1or Fern\u00e1ndez dijo que las iba a usar para pagarles a los jubilados, son 4 veces m\u00e1s que cuando nosotros nos fuimos\u201d.<\/p>\n","protected":false},"excerpt":{"rendered":"<p>\u201cFederico es un batallador incansable y siempre le ha puesto l\u00edmites a los atropellos del Kirchnerismo\u201d, subray\u00f3 el expresidente sobre el precandidato a senador por Santa Fe Nos Une y destac\u00f3 que a Granata \u201cla veo con la fuerte convicci\u00f3n de defender al ciudadano de a pie\u201d. A pocas semanas de las elecciones PASO del [&hellip;]<\/p>\n","protected":false},"author":2,"featured_media":25259,"comment_status":"open","ping_status":"open","sticky":false,"template":"","format":"standard","meta":{"_joinchat":[],"footnotes":""},"categories":[66],"tags":[],"class_list":{"0":"post-25257","1":"post","2":"type-post","3":"status-publish","4":"format-standard","5":"has-post-thumbnail","7":"category-politica"},"_links":{"self":[{"href":"https:\/\/infovera.com.ar\/web\/wp-json\/wp\/v2\/posts\/25257","targetHints":{"allow":["GET"]}}],"collection":[{"href":"https:\/\/infovera.com.ar\/web\/wp-json\/wp\/v2\/posts"}],"about":[{"href":"https:\/\/infovera.com.ar\/web\/wp-json\/wp\/v2\/types\/post"}],"author":[{"embeddable":true,"href":"https:\/\/infovera.com.ar\/web\/wp-json\/wp\/v2\/users\/2"}],"replies":[{"embeddable":true,"href":"https:\/\/infovera.com.ar\/web\/wp-json\/wp\/v2\/comments?post=25257"}],"version-history":[{"count":0,"href":"https:\/\/infovera.com.ar\/web\/wp-json\/wp\/v2\/posts\/25257\/revisions"}],"wp:featuredmedia":[{"embeddable":true,"href":"https:\/\/infovera.com.ar\/web\/wp-json\/wp\/v2\/media\/25259"}],"wp:attachment":[{"href":"https:\/\/infovera.com.ar\/web\/wp-json\/wp\/v2\/media?parent=25257"}],"wp:term":[{"taxonomy":"category","embeddable":true,"href":"https:\/\/infovera.com.ar\/web\/wp-json\/wp\/v2\/categories?post=25257"},{"taxonomy":"post_tag","embeddable":true,"href":"https:\/\/infovera.com.ar\/web\/wp-json\/wp\/v2\/tags?post=25257"}],"curies":[{"name":"wp","href":"https:\/\/api.w.org\/{rel}","templated":true}]}}