{"id":25249,"date":"2021-08-19T21:21:05","date_gmt":"2021-08-20T00:21:05","guid":{"rendered":"https:\/\/infovera.com.ar\/web\/?p=25249"},"modified":"2021-08-20T12:23:51","modified_gmt":"2021-08-20T15:23:51","slug":"vera-calchaqui-y-los-amores-suman-nuevos-casos-de-covid","status":"publish","type":"post","link":"https:\/\/infovera.com.ar\/web\/2021\/08\/19\/vera-calchaqui-y-los-amores-suman-nuevos-casos-de-covid\/","title":{"rendered":"Vera, Calchaqu\u00ed y Los Amores suman nuevos casos de COVID"},"content":{"rendered":"<p>VERA<br \/>\n<span style=\"color: #ff0000;\"><strong>Positivos nuevos 1.<\/strong><\/span> (Determinado por m\u00e9todo AG).<br \/>\nResultados Negativos 1. (Determinado por m\u00e9todo AG).<br \/>\nCasos positivos acumulados 1895.<br \/>\nTotal de Recuperados 1836. (En el d\u00eda de la fecha se otorgaron 2 altas).<br \/>\nFallecidos acumulados 41.<br \/>\nPositivos Activos 18.<br \/>\nInternados 3.<br \/>\nPersonas en aislamiento preventivo: 104.<\/p>\n<p>CALCHAQU\u00cd<br \/>\n<span style=\"color: #ff0000;\"><strong>Positivos nuevos 6.<\/strong> <\/span>(Determinados: 2 por m\u00e9todo AG; 4 por PCR).<br \/>\nResultados Negativos 26. (Determinados: 9 por m\u00e9todo AG; 17 por PCR).<br \/>\nSospechosos 31. (En sus domicilios; hisopados en el d\u00eda de la fecha, a la espera de los<br \/>\nresultados por PCR).<br \/>\nCasos positivos acumulados 1311.<br \/>\nTotal de Recuperados 1217. (En el d\u00eda de la fecha se otorgaron 11 altas).<br \/>\nFallecidos acumulados 41.<br \/>\nPositivos Activos 53.<br \/>\nInternados 6. (3 en el Samco local; 2 en establecimientos de salud de Reconquista; 1 en un establecimiento de salud de Santa Fe).<br \/>\nPersonas en aislamiento preventivo: 160.<\/p>\n<p>MARGARITA<br \/>\nCasos positivos acumulados 454.<br \/>\nTotal de Recuperados 436.<br \/>\nFallecidos acumulados 8.<br \/>\nPositivos Activos 10.<br \/>\nInternados 3. (1 en el hospital de Reconquista; 1 en el hospital de Vera; 1 en un<br \/>\nestablecimiento de salud de Santa Fe).<br \/>\nPersonas en aislamiento preventivo: 28.<\/p>\n<p>LA GALLARETA<br \/>\nSospechosos 2. (En sus domicilios).<br \/>\nCasos positivos acumulados 166.<br \/>\nTotal de Recuperados 152.<br \/>\nFallecidos acumulados 3.<br \/>\nPositivos Activos 11.<br \/>\nInternados 1. (En un establecimiento de salud de Santa Fe).<br \/>\nPersonas en aislamiento preventivo: 56. (Por tener contacto estrecho con un caso positivo y con un caso sospechoso).<br \/>\nFORTIN OLMOS<br \/>\nCasos positivos acumulados 199.<br \/>\nTotal de Recuperados 186. (En el d\u00eda de la fecha se otorg\u00f3 1 alta).<br \/>\nFallecidos acumulados 9.<br \/>\nPositivos Activos 4. (En sus domicilios con buen estado de salud).<br \/>\nPersonas en aislamiento preventivo: 17. (Por tener contacto estrecho con un caso positivo y<br \/>\ncon un caso sospechoso).<\/p>\n<p>INTIYACO<br \/>\nCasos positivos acumulados 195.<br \/>\nTotal de Recuperados 189.<br \/>\nFallecidos acumulados 3.<br \/>\nPositivos Activos 3. (En sus domicilios con buen estado de salud).<br \/>\nPersonas en aislamiento preventivo: 5. (Por tener contacto estrecho con un caso positivo).<\/p>\n<p>COLMENA<br \/>\nCasos positivos acumulados 9.<br \/>\nTotal de Recuperados 8.<br \/>\nFallecidos acumulados 1.<br \/>\nPositivos Activos 0.<br \/>\nPersonas en aislamiento preventivo: 0.<\/p>\n<p>GARABATO<br \/>\nSospechosos 1.<br \/>\nCasos positivos acumulados 124.<br \/>\nTotal de Recuperados 114.<br \/>\nFallecidos acumulados 8.<br \/>\nPositivos Activos 2.<br \/>\nInternados 1. (En la cl\u00ednica San Roque de Vera).<br \/>\nPersonas en aislamiento preventivo: 7. (6 por tener contacto estrecho con un caso positivo; 1<br \/>\npor tener contacto con un caso sospechoso).<\/p>\n<p>TARTAGAL<br \/>\nCasos positivos acumulados 126.<br \/>\nTotal de Recuperados 118.<br \/>\nFallecidos acumulados 7.<br \/>\nPositivos Activos 1.<br \/>\nInternados 1. (En el hospital de Tartagal).<br \/>\nPersonas en aislamiento preventivo: 7.<\/p>\n<p>TOBA<br \/>\nCasos positivos acumulados 69.<br \/>\nTotal de Recuperados 68.<br \/>\nFallecidos acumulados 1.<br \/>\nPositivos Activos 0.<br \/>\nPersonas en aislamiento preventivo: 0.<\/p>\n<p>GOLONDRINA<br \/>\nCasos positivos acumulados 28.<br \/>\nTotal de Recuperados 28.<br \/>\nPersonas en aislamiento preventivo: 0.<\/p>\n<p>LOS AMORES<br \/>\n<span style=\"color: #ff0000;\"><strong>Positivos nuevos 1<\/strong><\/span>. (Determinado por m\u00e9todo AG).<br \/>\nCasos positivos acumulados 70.<br \/>\nTotal de Recuperados 67.<br \/>\nFallecidos acumulados 2.<br \/>\nPositivos Activos 1.<br \/>\nPersonas en aislamiento preventivo: 9. (Por tener contacto estrecho con un caso positivo).<\/p>\n<p>CA\u00d1ADA OMB\u00da<br \/>\nCasos positivos acumulados 20.<br \/>\nTotal de Recuperados 18. (En el d\u00eda de la fecha se otorg\u00f3 1 alta).<br \/>\nFallecidos acumulados 1.<br \/>\nPositivos Activos 1.<br \/>\nInternados 1. (En el hospital de Vera).<br \/>\nPersonas en aislamiento preventivo: 4.<\/p>\n<p>LOS TABANOS<br \/>\nCasos positivos acumulados 10.<br \/>\nTotal de Recuperados 9.<br \/>\nFallecidos acumulados 1.<br \/>\nPositivos Activos 0.<br \/>\nPersonas en aislamiento preventivo: 0.<\/p>\n<p>RESTO DE LAS LOCALIDADES DEL DEPARTAMENTO<br \/>\nSin Novedades.<\/p>\n","protected":false},"excerpt":{"rendered":"<p>VERA Positivos nuevos 1. (Determinado por m\u00e9todo AG). Resultados Negativos 1. (Determinado por m\u00e9todo AG). Casos positivos acumulados 1895. Total de Recuperados 1836. (En el d\u00eda de la fecha se otorgaron 2 altas). Fallecidos acumulados 41. Positivos Activos 18. Internados 3. Personas en aislamiento preventivo: 104. CALCHAQU\u00cd Positivos nuevos 6. (Determinados: 2 por m\u00e9todo AG; [&hellip;]<\/p>\n","protected":false},"author":2,"featured_media":21279,"comment_status":"open","ping_status":"open","sticky":false,"template":"","format":"standard","meta":{"_joinchat":[],"footnotes":""},"categories":[51,37],"tags":[],"class_list":{"0":"post-25249","1":"post","2":"type-post","3":"status-publish","4":"format-standard","5":"has-post-thumbnail","7":"category-locales","8":"category-salud"},"_links":{"self":[{"href":"https:\/\/infovera.com.ar\/web\/wp-json\/wp\/v2\/posts\/25249","targetHints":{"allow":["GET"]}}],"collection":[{"href":"https:\/\/infovera.com.ar\/web\/wp-json\/wp\/v2\/posts"}],"about":[{"href":"https:\/\/infovera.com.ar\/web\/wp-json\/wp\/v2\/types\/post"}],"author":[{"embeddable":true,"href":"https:\/\/infovera.com.ar\/web\/wp-json\/wp\/v2\/users\/2"}],"replies":[{"embeddable":true,"href":"https:\/\/infovera.com.ar\/web\/wp-json\/wp\/v2\/comments?post=25249"}],"version-history":[{"count":0,"href":"https:\/\/infovera.com.ar\/web\/wp-json\/wp\/v2\/posts\/25249\/revisions"}],"wp:featuredmedia":[{"embeddable":true,"href":"https:\/\/infovera.com.ar\/web\/wp-json\/wp\/v2\/media\/21279"}],"wp:attachment":[{"href":"https:\/\/infovera.com.ar\/web\/wp-json\/wp\/v2\/media?parent=25249"}],"wp:term":[{"taxonomy":"category","embeddable":true,"href":"https:\/\/infovera.com.ar\/web\/wp-json\/wp\/v2\/categories?post=25249"},{"taxonomy":"post_tag","embeddable":true,"href":"https:\/\/infovera.com.ar\/web\/wp-json\/wp\/v2\/tags?post=25249"}],"curies":[{"name":"wp","href":"https:\/\/api.w.org\/{rel}","templated":true}]}}