{"id":25241,"date":"2021-08-19T20:26:44","date_gmt":"2021-08-19T23:26:44","guid":{"rendered":"https:\/\/infovera.com.ar\/web\/?p=25241"},"modified":"2021-08-21T13:06:20","modified_gmt":"2021-08-21T16:06:20","slug":"la-gallareta-aprehenden-a-un-joven-por-el-robo-a-un-comercio","status":"publish","type":"post","link":"https:\/\/infovera.com.ar\/web\/2021\/08\/19\/la-gallareta-aprehenden-a-un-joven-por-el-robo-a-un-comercio\/","title":{"rendered":"La Gallareta: aprehenden a un joven por el robo a un comercio"},"content":{"rendered":"<p><strong>En La Gallareta, personal policial procedi\u00f3 a esclarecer un hecho de robo en un local comercial, logrando la aprehensi\u00f3n de un joven de 23 a\u00f1os y recuperando gran parte de lo sustra\u00eddo.<\/strong><\/p>\n<p>En hora de la madrugada, efectivos policiales fueron alertados por la propietaria del local, que habr\u00eda personas en el interior del comercio, por lo cual los agentes acudieron hasta el lugar.<\/p>\n<p>Al llegar, observaron un gran desorden interior del local y procediendo a realizar una<br \/>\nverificaci\u00f3n por la zona, encontrando en un terreno lindero unas bolsas las que conten\u00edan mercader\u00eda sustra\u00edda del kiosco.<\/p>\n<p>Seguidamente, a trav\u00e9s de tareas investigativas lograron saber que un joven estar\u00eda<br \/>\ninvolucrado en el hecho, por lo cual se dijeron hasta la finca del individuo donde realizaron una requisa domiciliaria con la autorizaci\u00f3n\u00a0legal correspondiente y secuestraron una balanza electr\u00f3nica, como as\u00ed\u00a0tambi\u00e9n el resto de las mercader\u00edas sustra\u00eddas del comercio.<\/p>\n<p>Trasladaron al sujeto de 23 a\u00f1os hasta la Comisar\u00eda 5ta. de la mencionada localidad y le dieron intervenci\u00f3n al fiscal en turno.<\/p>\n<p><img loading=\"lazy\" decoding=\"async\" class=\" wp-image-22351 aligncenter\" src=\"https:\/\/infovera.com.ar\/web\/wp-content\/uploads\/2021\/06\/ACOSTA-3-300x54.jpg\" alt=\"\" width=\"689\" height=\"124\" srcset=\"https:\/\/infovera.com.ar\/web\/wp-content\/uploads\/2021\/06\/ACOSTA-3-300x54.jpg 300w, https:\/\/infovera.com.ar\/web\/wp-content\/uploads\/2021\/06\/ACOSTA-3.jpg 670w\" sizes=\"auto, (max-width: 689px) 100vw, 689px\" \/><\/p>\n","protected":false},"excerpt":{"rendered":"<p>En La Gallareta, personal policial procedi\u00f3 a esclarecer un hecho de robo en un local comercial, logrando la aprehensi\u00f3n de un joven de 23 a\u00f1os y recuperando gran parte de lo sustra\u00eddo. En hora de la madrugada, efectivos policiales fueron alertados por la propietaria del local, que habr\u00eda personas en el interior del comercio, por [&hellip;]<\/p>\n","protected":false},"author":3,"featured_media":25245,"comment_status":"open","ping_status":"open","sticky":false,"template":"","format":"standard","meta":{"_joinchat":[],"footnotes":""},"categories":[51,30],"tags":[],"class_list":{"0":"post-25241","1":"post","2":"type-post","3":"status-publish","4":"format-standard","5":"has-post-thumbnail","7":"category-locales","8":"category-policiales"},"_links":{"self":[{"href":"https:\/\/infovera.com.ar\/web\/wp-json\/wp\/v2\/posts\/25241","targetHints":{"allow":["GET"]}}],"collection":[{"href":"https:\/\/infovera.com.ar\/web\/wp-json\/wp\/v2\/posts"}],"about":[{"href":"https:\/\/infovera.com.ar\/web\/wp-json\/wp\/v2\/types\/post"}],"author":[{"embeddable":true,"href":"https:\/\/infovera.com.ar\/web\/wp-json\/wp\/v2\/users\/3"}],"replies":[{"embeddable":true,"href":"https:\/\/infovera.com.ar\/web\/wp-json\/wp\/v2\/comments?post=25241"}],"version-history":[{"count":0,"href":"https:\/\/infovera.com.ar\/web\/wp-json\/wp\/v2\/posts\/25241\/revisions"}],"wp:featuredmedia":[{"embeddable":true,"href":"https:\/\/infovera.com.ar\/web\/wp-json\/wp\/v2\/media\/25245"}],"wp:attachment":[{"href":"https:\/\/infovera.com.ar\/web\/wp-json\/wp\/v2\/media?parent=25241"}],"wp:term":[{"taxonomy":"category","embeddable":true,"href":"https:\/\/infovera.com.ar\/web\/wp-json\/wp\/v2\/categories?post=25241"},{"taxonomy":"post_tag","embeddable":true,"href":"https:\/\/infovera.com.ar\/web\/wp-json\/wp\/v2\/tags?post=25241"}],"curies":[{"name":"wp","href":"https:\/\/api.w.org\/{rel}","templated":true}]}}