{"id":25192,"date":"2021-08-18T21:04:14","date_gmt":"2021-08-19T00:04:14","guid":{"rendered":"https:\/\/infovera.com.ar\/web\/?p=25192"},"modified":"2021-08-18T21:05:46","modified_gmt":"2021-08-19T00:05:46","slug":"ceschi-junto-a-referentes-de-hacemos-santa-fe-anuncio-nuevas-cuadras-de-ripiado-para-vera","status":"publish","type":"post","link":"https:\/\/infovera.com.ar\/web\/2021\/08\/18\/ceschi-junto-a-referentes-de-hacemos-santa-fe-anuncio-nuevas-cuadras-de-ripiado-para-vera\/","title":{"rendered":"Ceschi y referentes de Hacemos Santa Fe anunciaron nuevas cuadras de ripiado para Vera"},"content":{"rendered":"<p><strong>En la ma\u00f1ana de hoy, director provincial de Vialidad, Oscar Ceschi, se reuni\u00f3 junto a &#8220;Pely&#8221; Giansily, referente provincial en Vera, Dar\u00edo Nievas, precandidato a concejal por Hacemos Santa Fe, y vecinos de Vera.<\/strong><\/p>\n<p>Ceschi anunci\u00f3 para los pr\u00f3ximos d\u00edas el inicio de nuevas obras de ripiado para la ciudad.<\/p>\n<p>&#8220;Ser\u00e1n seis cuadras que brindar\u00e1n mejoras de accesibilidad a los vecinos de barrio Itat\u00ed, estas cuadras de ripio se ejecutar\u00e1n sobre calle Rivadavia, desde Bernardo de Irigoyen hasta La Rioja, y sus trasversales&#8221;, explicaron Giansily y Nievas.<\/p>\n","protected":false},"excerpt":{"rendered":"<p>En la ma\u00f1ana de hoy, director provincial de Vialidad, Oscar Ceschi, se reuni\u00f3 junto a &#8220;Pely&#8221; Giansily, referente provincial en Vera, Dar\u00edo Nievas, precandidato a concejal por Hacemos Santa Fe, y vecinos de Vera. Ceschi anunci\u00f3 para los pr\u00f3ximos d\u00edas el inicio de nuevas obras de ripiado para la ciudad. &#8220;Ser\u00e1n seis cuadras que brindar\u00e1n [&hellip;]<\/p>\n","protected":false},"author":3,"featured_media":25194,"comment_status":"open","ping_status":"open","sticky":false,"template":"","format":"standard","meta":{"_joinchat":[],"footnotes":""},"categories":[66],"tags":[],"class_list":{"0":"post-25192","1":"post","2":"type-post","3":"status-publish","4":"format-standard","5":"has-post-thumbnail","7":"category-politica"},"_links":{"self":[{"href":"https:\/\/infovera.com.ar\/web\/wp-json\/wp\/v2\/posts\/25192","targetHints":{"allow":["GET"]}}],"collection":[{"href":"https:\/\/infovera.com.ar\/web\/wp-json\/wp\/v2\/posts"}],"about":[{"href":"https:\/\/infovera.com.ar\/web\/wp-json\/wp\/v2\/types\/post"}],"author":[{"embeddable":true,"href":"https:\/\/infovera.com.ar\/web\/wp-json\/wp\/v2\/users\/3"}],"replies":[{"embeddable":true,"href":"https:\/\/infovera.com.ar\/web\/wp-json\/wp\/v2\/comments?post=25192"}],"version-history":[{"count":0,"href":"https:\/\/infovera.com.ar\/web\/wp-json\/wp\/v2\/posts\/25192\/revisions"}],"wp:featuredmedia":[{"embeddable":true,"href":"https:\/\/infovera.com.ar\/web\/wp-json\/wp\/v2\/media\/25194"}],"wp:attachment":[{"href":"https:\/\/infovera.com.ar\/web\/wp-json\/wp\/v2\/media?parent=25192"}],"wp:term":[{"taxonomy":"category","embeddable":true,"href":"https:\/\/infovera.com.ar\/web\/wp-json\/wp\/v2\/categories?post=25192"},{"taxonomy":"post_tag","embeddable":true,"href":"https:\/\/infovera.com.ar\/web\/wp-json\/wp\/v2\/tags?post=25192"}],"curies":[{"name":"wp","href":"https:\/\/api.w.org\/{rel}","templated":true}]}}