{"id":25153,"date":"2021-08-18T09:43:30","date_gmt":"2021-08-18T12:43:30","guid":{"rendered":"https:\/\/infovera.com.ar\/web\/?p=25153"},"modified":"2021-08-21T13:08:09","modified_gmt":"2021-08-21T16:08:09","slug":"sandra-barbieri-se-refirio-al-paro-de-48-horas-que-llevan-adelante-profesionales-de-la-salud","status":"publish","type":"post","link":"https:\/\/infovera.com.ar\/web\/2021\/08\/18\/sandra-barbieri-se-refirio-al-paro-de-48-horas-que-llevan-adelante-profesionales-de-la-salud\/","title":{"rendered":"Sandra Barbieri se refiri\u00f3 al paro de 48 horas que llevan adelante profesionales de la salud"},"content":{"rendered":"<p><strong>La Dra. Sandra Barbieri, delegada de la Asociaci\u00f3n de M\u00e9dicos de la Rep\u00fablica Argentina en Vera, se expres\u00f3 respecto del paro que el gremio lleva adelante hoy y ma\u00f1ana en toda la provincia en reclamo de por incumplimientos de acuerdos paritarios en lo que incurre la provincia.<\/strong><\/p>\n<p><iframe loading=\"lazy\" title=\"Paro profesionales de la salud\" width=\"696\" height=\"522\" src=\"https:\/\/www.youtube.com\/embed\/5_oIHPVmvEE?feature=oembed\" frameborder=\"0\" allow=\"accelerometer; autoplay; clipboard-write; encrypted-media; gyroscope; picture-in-picture; web-share\" referrerpolicy=\"strict-origin-when-cross-origin\" allowfullscreen><\/iframe><\/p>\n<p><iframe loading=\"lazy\" title=\"Paro profesionales de la salud - 2\" width=\"696\" height=\"522\" src=\"https:\/\/www.youtube.com\/embed\/JAspW6_FZMk?feature=oembed\" frameborder=\"0\" allow=\"accelerometer; autoplay; clipboard-write; encrypted-media; gyroscope; picture-in-picture; web-share\" referrerpolicy=\"strict-origin-when-cross-origin\" allowfullscreen><\/iframe><\/p>\n<p>Video: Gentileza NVN Noticias<\/p>\n<p>&nbsp;<\/p>\n<p><strong>El Sindicato de M\u00e9dicos de la Rep\u00fablica Argentina (AMRA) Seccional Santa Fe inform\u00f3 que ante la \u201cfalta de respuestas e incumplimiento de lo acordado en Paritarias del a\u00f1o 2020 y el presente a\u00f1o 2021,<\/strong>\u00a0incumplimientos que han sido notificados en reiteradas oportunidades al Poder Ejecutivo Provincial\u201d, por cuanto:<\/p>\n<p>\u2013 No se ha efectivizado el pase a planta de los monotributistas y contratados;<\/p>\n<p>\u2013 Falta de respuesta al adelanto para el mes de agosto de 2021 del pago del incremento salarial previsto para el mes de septiembre 2021;<\/p>\n<p>\u2013 Falta de creaci\u00f3n de la comisi\u00f3n para poder acceder al c\u00f3mputo diferenciado de privilegio y de la comisi\u00f3n de blanqueo;<\/p>\n<p>\u2013 Sin respuesta e incumplimiento a la ley 9282 sobre de los cambios de escalaf\u00f3n y encuadre normativo respecto de los licenciados en bioim\u00e1genes, en enfermer\u00eda y en kinesiolog\u00eda;<\/p>\n<p>\u2013 Falta de creaci\u00f3n de cargos para tareas diferencias definitivas.<\/p>\n<p>\u2013 Indefiniciones sobre estabilidad, concursos y reincorporaci\u00f3n de colegas pendientes en servicio penitenciario. Exclusi\u00f3n del Bono Provincial.<\/p>\n<p>Todo lo expuesto sumado a la \u201cfalta de respuesta\u201d de parte del Poder Ejecutivo Provincial leg\u00edtima el ejercicio del derecho constitucional de Huelga conforme legislaci\u00f3n vigente, por lo que en legal tiempo y forma \u201cnotificamos PARO GENERAL DE ACTIVIDADES SIN ASISTENCIA A LOS LUGARES DE TRABAJO DE TODOS LOS PROFESIONALES DE LA SALUD DE LA PROVINCIA DE SANTA FE, est\u00e9n o no reconocidos y encuadrados en la Ley 9282 (reclamos de encuadre escalafonario de afiliados licenciados en bioim\u00e1genes, enfermer\u00eda y kinesiolog\u00eda, entre otras profesiones incluidas en el art\u00edculo 1 de la referida ley 9282)\u201d, anunci\u00f3 el gremio.<\/p>\n<p>La medida ser\u00e1 llevada a cabo desde las 00:00hs del d\u00eda mi\u00e9rcoles 18\/08\/2021 por el t\u00e9rmino de 48hs, sin asistencia a los lugares de trabajo, garantiz\u00e1ndose las guardias m\u00ednimas, COVID y no COVID y el personal abocado al testeo y a la vacunaci\u00f3n del mismo.<\/p>\n","protected":false},"excerpt":{"rendered":"<p>La Dra. Sandra Barbieri, delegada de la Asociaci\u00f3n de M\u00e9dicos de la Rep\u00fablica Argentina en Vera, se expres\u00f3 respecto del paro que el gremio lleva adelante hoy y ma\u00f1ana en toda la provincia en reclamo de por incumplimientos de acuerdos paritarios en lo que incurre la provincia. Video: Gentileza NVN Noticias &nbsp; El Sindicato de [&hellip;]<\/p>\n","protected":false},"author":3,"featured_media":25161,"comment_status":"open","ping_status":"open","sticky":false,"template":"","format":"standard","meta":{"_joinchat":[],"footnotes":""},"categories":[53],"tags":[],"class_list":{"0":"post-25153","1":"post","2":"type-post","3":"status-publish","4":"format-standard","5":"has-post-thumbnail","7":"category-vera"},"_links":{"self":[{"href":"https:\/\/infovera.com.ar\/web\/wp-json\/wp\/v2\/posts\/25153","targetHints":{"allow":["GET"]}}],"collection":[{"href":"https:\/\/infovera.com.ar\/web\/wp-json\/wp\/v2\/posts"}],"about":[{"href":"https:\/\/infovera.com.ar\/web\/wp-json\/wp\/v2\/types\/post"}],"author":[{"embeddable":true,"href":"https:\/\/infovera.com.ar\/web\/wp-json\/wp\/v2\/users\/3"}],"replies":[{"embeddable":true,"href":"https:\/\/infovera.com.ar\/web\/wp-json\/wp\/v2\/comments?post=25153"}],"version-history":[{"count":0,"href":"https:\/\/infovera.com.ar\/web\/wp-json\/wp\/v2\/posts\/25153\/revisions"}],"wp:featuredmedia":[{"embeddable":true,"href":"https:\/\/infovera.com.ar\/web\/wp-json\/wp\/v2\/media\/25161"}],"wp:attachment":[{"href":"https:\/\/infovera.com.ar\/web\/wp-json\/wp\/v2\/media?parent=25153"}],"wp:term":[{"taxonomy":"category","embeddable":true,"href":"https:\/\/infovera.com.ar\/web\/wp-json\/wp\/v2\/categories?post=25153"},{"taxonomy":"post_tag","embeddable":true,"href":"https:\/\/infovera.com.ar\/web\/wp-json\/wp\/v2\/tags?post=25153"}],"curies":[{"name":"wp","href":"https:\/\/api.w.org\/{rel}","templated":true}]}}