{"id":25130,"date":"2021-08-17T21:37:11","date_gmt":"2021-08-18T00:37:11","guid":{"rendered":"https:\/\/infovera.com.ar\/web\/?p=25130"},"modified":"2021-08-17T21:37:11","modified_gmt":"2021-08-18T00:37:11","slug":"car-show-en-san-jorge-el-norte-santafesino-dio-que-hablar","status":"publish","type":"post","link":"https:\/\/infovera.com.ar\/web\/2021\/08\/17\/car-show-en-san-jorge-el-norte-santafesino-dio-que-hablar\/","title":{"rendered":"Car Show en San Jorge: el norte santafesino dio que hablar"},"content":{"rendered":"<p><strong>El Aut\u00f3dromo &#8220;Parque de la Velocidad&#8221; del Club Atl\u00e9tico San Jorge fue escenario este fin de semana del viernes 13, s\u00e1bado 14 y domingo 15 de agosto de la 5ta. fecha del Car Show Santafesino. All\u00ed dijeron presente 8 pilotos de nuestro norte santafesino, que lograron excelentes ubicaciones.<\/strong><\/p>\n<p>Los mas destacados fueron Franco Passarino con su tercer puesto en la final del TC 4000 y Mat\u00edas Nardelli con su quinto puesto en la final y su triunfo en la tercera serie del Turismo Fiat Santafesino Clase 1.<\/p>\n<p>Adem\u00e1s, en la carrera que gan\u00f3 Gast\u00f3n Beltramino con Fiat Duna, Carlos Longhi fue 8\u00ba, Enzo Zanel 13\u00ba, Jos\u00e9 Ignacio Padu\u00e1n 14\u00ba, Hern\u00e1n Pastor 20\u00ba, Juan Jos\u00e9 Fun fue excluido por maniobra peligrosa y Adri\u00e1n Cima no fue de la partida.<\/p>\n<p>Antes, en la primera serie Longui fue 2\u00ba, Padu\u00e1n 4\u00ba, Cima 7\u00ba y Pastor no clasificado a 6 vueltas. En la segunda serie Fun fue 6\u00ba y Zanel 9\u00ba. Y en la tercera serie el fue ganador Mat\u00edas Nardelli.<\/p>\n<p>Passarino, de Romang con Ford Falcon, fue 7\u00ba en la serie \u00fanica, y en la final ganada por Esteban Cassou con Torino, los hist\u00f3ricos Fabio Canciani de Calchaqu\u00ed fue 6\u00ba y H\u00e9ctor Fa\u00edn de Villa Minetti abandon\u00f3 en la vuelta 4.<\/p>\n","protected":false},"excerpt":{"rendered":"<p>El Aut\u00f3dromo &#8220;Parque de la Velocidad&#8221; del Club Atl\u00e9tico San Jorge fue escenario este fin de semana del viernes 13, s\u00e1bado 14 y domingo 15 de agosto de la 5ta. fecha del Car Show Santafesino. All\u00ed dijeron presente 8 pilotos de nuestro norte santafesino, que lograron excelentes ubicaciones. Los mas destacados fueron Franco Passarino con [&hellip;]<\/p>\n","protected":false},"author":3,"featured_media":25132,"comment_status":"open","ping_status":"open","sticky":false,"template":"","format":"standard","meta":{"_joinchat":[],"footnotes":""},"categories":[32,31],"tags":[],"class_list":{"0":"post-25130","1":"post","2":"type-post","3":"status-publish","4":"format-standard","5":"has-post-thumbnail","7":"category-automovilismo","8":"category-deportes"},"_links":{"self":[{"href":"https:\/\/infovera.com.ar\/web\/wp-json\/wp\/v2\/posts\/25130","targetHints":{"allow":["GET"]}}],"collection":[{"href":"https:\/\/infovera.com.ar\/web\/wp-json\/wp\/v2\/posts"}],"about":[{"href":"https:\/\/infovera.com.ar\/web\/wp-json\/wp\/v2\/types\/post"}],"author":[{"embeddable":true,"href":"https:\/\/infovera.com.ar\/web\/wp-json\/wp\/v2\/users\/3"}],"replies":[{"embeddable":true,"href":"https:\/\/infovera.com.ar\/web\/wp-json\/wp\/v2\/comments?post=25130"}],"version-history":[{"count":0,"href":"https:\/\/infovera.com.ar\/web\/wp-json\/wp\/v2\/posts\/25130\/revisions"}],"wp:featuredmedia":[{"embeddable":true,"href":"https:\/\/infovera.com.ar\/web\/wp-json\/wp\/v2\/media\/25132"}],"wp:attachment":[{"href":"https:\/\/infovera.com.ar\/web\/wp-json\/wp\/v2\/media?parent=25130"}],"wp:term":[{"taxonomy":"category","embeddable":true,"href":"https:\/\/infovera.com.ar\/web\/wp-json\/wp\/v2\/categories?post=25130"},{"taxonomy":"post_tag","embeddable":true,"href":"https:\/\/infovera.com.ar\/web\/wp-json\/wp\/v2\/tags?post=25130"}],"curies":[{"name":"wp","href":"https:\/\/api.w.org\/{rel}","templated":true}]}}