{"id":25070,"date":"2021-08-16T16:09:53","date_gmt":"2021-08-16T19:09:53","guid":{"rendered":"https:\/\/infovera.com.ar\/web\/?p=25070"},"modified":"2021-08-16T16:09:53","modified_gmt":"2021-08-16T19:09:53","slug":"un-grupo-de-jovenes-intervino-en-otro-microbasural-del-norte-de-la-ciudad-de-vera","status":"publish","type":"post","link":"https:\/\/infovera.com.ar\/web\/2021\/08\/16\/un-grupo-de-jovenes-intervino-en-otro-microbasural-del-norte-de-la-ciudad-de-vera\/","title":{"rendered":"Un grupo de j\u00f3venes intervino en otro microbasural del norte de la ciudad de Vera"},"content":{"rendered":"<p><strong>Durante la tarde de este s\u00e1bado, un grupo de j\u00f3venes intervino en otro microbasural, esta vez en el norte de la ciudad de Vera, en el marco de la iniciativa conocida en las redes sociales como\u00a0#BasuraChallenge.<\/strong><\/p>\n<p>Junto a Facundo Iznardo, Juan Luis Griollo y su equipo trabajaron durante la tarde en la esquina de Rivadavia y Pueyrredon, del barrio Santa Rosa, donde los vecinos reclaman adem\u00e1s la colocaci\u00f3n de m\u00e1s cestos de basura con tapas.<\/p>\n<p>La iniciativa es la continuidad del #RetoDeLaBasura que iniciamos semanas atr\u00e1s en barrio San Mart\u00edn de Porres con la erradicaci\u00f3n de otro microbasural.<\/p>\n<p>\u201dLos vecinos nos manifestaron que el problema es que hay un solo cesto y no alcanza para la cantidad de personas de ese sector del barrio. Adem\u00e1s, dijeron que el que est\u00e1 no tiene tapa, lo que hace que los desechos se desparramen\u201d, sostuvo el precandidato a concejal e impulsor de la iniciativa Facundo Iznardo.<\/p>\n<p>Y agreg\u00f3: \u201cPor eso le pedimos al municipio que genere alg\u00fan tipo de acci\u00f3n, como sumar m\u00e1s canastos con tapas, para mejorar la disposici\u00f3n de los residuos en este punto de Santa Rosa\u201d.<\/p>\n<p>\u201cLa idea es ir localizando otros dep\u00f3sitos irregulares de residuos en los distintos puntos de la ciudad y seguir trabajando por una\u00a0 Vera m\u00e1s limpia\u201d, sostuvo por su parte Juan Luis Griollo.<\/p>\n<p>El #Basura_Challenge es un desaf\u00edo viral que comenz\u00f3 en las redes y que viene sumando cientos de experiencias a lo largo de todo el mundo, con ejemplos cercanos a la vera del r\u00edo Paran\u00e1, en Santa Fe y Rosario.<\/p>\n","protected":false},"excerpt":{"rendered":"<p>Durante la tarde de este s\u00e1bado, un grupo de j\u00f3venes intervino en otro microbasural, esta vez en el norte de la ciudad de Vera, en el marco de la iniciativa conocida en las redes sociales como\u00a0#BasuraChallenge. Junto a Facundo Iznardo, Juan Luis Griollo y su equipo trabajaron durante la tarde en la esquina de Rivadavia [&hellip;]<\/p>\n","protected":false},"author":3,"featured_media":25072,"comment_status":"open","ping_status":"open","sticky":false,"template":"","format":"standard","meta":{"_joinchat":[],"footnotes":""},"categories":[66],"tags":[],"class_list":{"0":"post-25070","1":"post","2":"type-post","3":"status-publish","4":"format-standard","5":"has-post-thumbnail","7":"category-politica"},"_links":{"self":[{"href":"https:\/\/infovera.com.ar\/web\/wp-json\/wp\/v2\/posts\/25070","targetHints":{"allow":["GET"]}}],"collection":[{"href":"https:\/\/infovera.com.ar\/web\/wp-json\/wp\/v2\/posts"}],"about":[{"href":"https:\/\/infovera.com.ar\/web\/wp-json\/wp\/v2\/types\/post"}],"author":[{"embeddable":true,"href":"https:\/\/infovera.com.ar\/web\/wp-json\/wp\/v2\/users\/3"}],"replies":[{"embeddable":true,"href":"https:\/\/infovera.com.ar\/web\/wp-json\/wp\/v2\/comments?post=25070"}],"version-history":[{"count":0,"href":"https:\/\/infovera.com.ar\/web\/wp-json\/wp\/v2\/posts\/25070\/revisions"}],"wp:featuredmedia":[{"embeddable":true,"href":"https:\/\/infovera.com.ar\/web\/wp-json\/wp\/v2\/media\/25072"}],"wp:attachment":[{"href":"https:\/\/infovera.com.ar\/web\/wp-json\/wp\/v2\/media?parent=25070"}],"wp:term":[{"taxonomy":"category","embeddable":true,"href":"https:\/\/infovera.com.ar\/web\/wp-json\/wp\/v2\/categories?post=25070"},{"taxonomy":"post_tag","embeddable":true,"href":"https:\/\/infovera.com.ar\/web\/wp-json\/wp\/v2\/tags?post=25070"}],"curies":[{"name":"wp","href":"https:\/\/api.w.org\/{rel}","templated":true}]}}