{"id":25047,"date":"2021-08-16T15:19:27","date_gmt":"2021-08-16T18:19:27","guid":{"rendered":"https:\/\/infovera.com.ar\/web\/?p=25047"},"modified":"2021-08-16T15:19:27","modified_gmt":"2021-08-16T18:19:27","slug":"clara-garcia-santa-fe-debe-volver-a-jerarquizar-a-los-docentes-y-reconstruir-su-proyecto-educativo","status":"publish","type":"post","link":"https:\/\/infovera.com.ar\/web\/2021\/08\/16\/clara-garcia-santa-fe-debe-volver-a-jerarquizar-a-los-docentes-y-reconstruir-su-proyecto-educativo\/","title":{"rendered":"&#8220;Clara Garc\u00eda: &#8220;Santa Fe debe volver a jerarquizar a los docentes y reconstruir su proyecto educativo&#8221;"},"content":{"rendered":"<p><strong>La dirigente encabez\u00f3 un encuentro en Rosario, con la participaci\u00f3n de docentes y autoridades escolares de todos los niveles y modalidades para reflexionar sobre la educaci\u00f3n en la provincia y el impacto de la pandemia.<\/strong><\/p>\n<p>La precandidata a senadora nacional por la lista Adelante, del Frente Amplio Progresista (FAP), Clara Garc\u00eda encabez\u00f3 un encuentro en la Usina Social con docentes y autoridades escolares de todos los niveles y modalidades para reflexionar sobre el sistema educativo santafesino en general y el impacto de la pandemia, y asegur\u00f3 que &#8220;Santa Fe debe volver a construir su proyecto educativo, sobre la base de recomponer y jerarquizar la relaci\u00f3n con la comunidad docente y los estudiantes&#8221;.<\/p>\n<p>La dirigente desarroll\u00f3 que \u201cnuestro pa\u00eds est\u00e1 caracterizado por una desigualdad estructural y las instituciones que conforman sus sistemas educativos reflejan e, inclusive, muchas veces reproducen las brechas sociales, traduci\u00e9ndolas en brechas educativas\u201d.<\/p>\n<p>En ese marco, Garc\u00eda se\u00f1al\u00f3 que a nivel provincial \u201cla falta de presencialidad evidenci\u00f3 a\u00fan m\u00e1s la falta de proyecto educativo del gobierno (de Omar Perotti). Al inicio del a\u00f1o pasado \u2013record\u00f3-, se hab\u00eda empezado a ver que era una gesti\u00f3n sin proyecto, sin inversi\u00f3n, que destruy\u00f3 lo mejor de los planes del Frente Progresista, como el Vuelvo a Estudiar. La pandemia empeor\u00f3 todo y la virtualidad gener\u00f3 una brecha m\u00e1s importante entre ni\u00f1os y ni\u00f1as vulnerables y aquellos otros a los que su familia pudo brindarles lo que necesitaban para continuar con la escuela\u201d, evalu\u00f3.<\/p>\n<p>Asimismo, la precandidata asever\u00f3 que &#8220;Santa Fe debe volver a construir su proyecto educativo, sobre la base de recomponer y jerarquizar la relaci\u00f3n con la comunidad docente y escolar, y los estudiantes&#8221;.<\/p>\n<p>&#8220;Cu\u00e1l es el lugar que le asigna este gobierno provincial a los docentes si les avisan un domingo a la noche por Whatsapp lo que tienen que hacer el lunes a la ma\u00f1ana \u2013grafic\u00f3 la actual diputada provincial-; eso da la pauta de la falta de planificaci\u00f3n y de ideas, de la ausencia de un plan para la educaci\u00f3n en Santa Fe\u201d.<\/p>\n<p>Garc\u00eda destac\u00f3 que \u201cdurante los 12 a\u00f1os de gesti\u00f3n del Frente Progresista se construyeron m\u00e1s de 100 nuevos edificios escolares para todos los niveles, adem\u00e1s de reparar, remodelar y ampliar los existentes. La comunidad lo sab\u00eda porque cada a\u00f1o present\u00e1bamos un plan de infraestructura escolar.<\/p>\n<p>Tambi\u00e9n sabe que m\u00e1s de 50 mil docentes accedieron a la estabilidad laboral porque los concursos pasaron a ser algo habitual \u2013se\u00f1al\u00f3-, lo mismo que disponer cada a\u00f1o que los equipos del Ministerio de Educaci\u00f3n salieran a buscar a los chicos y chicas que hab\u00edan dejado la secundaria\u201d.<\/p>\n<p>En cambio, la precandidata del FAP marc\u00f3 situaciones que hoy dan cuenta del \u201cdeterioro\u201d del sistema educativo provincial al referirse \u201cal apoyo a los comedores escolares con los elementos nutritivos adecuados, que ahora se limita a un bols\u00f3n seco; a los ni\u00f1os, ni\u00f1as y adolescentes que por razones familiares tuvieron que abandonar y el Estado no est\u00e1 cerca de ellos; a los docentes que no son jerarquizados en sus salarios porque perdieron la cl\u00e1usula gatillo, por la improvisaci\u00f3n y el destrato de este Ministerio de Educaci\u00f3n que arma planes no sabemos c\u00f3mo ni con qui\u00e9n\u201d, seg\u00fan describi\u00f3.<\/p>\n<p>\u201cEl destrato tambi\u00e9n ha sido para las familias \u2013a\u00f1adi\u00f3-, porque se han enterado de algunas medidas para el d\u00eda siguiente a \u00faltima hora de la tarde y con varios ni\u00f1os y ni\u00f1as han tenido que organizar su vida, la burbuja, la asistencia, lo virtual. Adem\u00e1s, est\u00e1 el apoyo que requieren en esta etapa porque para muchos de ellos ha sido muy complejo no tener los que es natural en la infancia, que es el contacto con los otros ni\u00f1os y ni\u00f1as\u201d, describi\u00f3.<\/p>\n<p>Garc\u00eda remarc\u00f3 que el encuentro tambi\u00e9n tuvo como objetivo \u201cpensar una educaci\u00f3n que tenga como raz\u00f3n de ser a cada estudiante y centrada en sus aprendizajes. As\u00ed es como vamos a construir un modelo educativo que sea parte de una estrategia de desarrollo santafesino\u201d.<\/p>\n<p>El encuentro, que se realiz\u00f3 este s\u00e1bado en Rosario fue el primero de una serie de reuniones que Garc\u00eda tiene previsto en las diferentes regiones de la provincia.<\/p>\n","protected":false},"excerpt":{"rendered":"<p>La dirigente encabez\u00f3 un encuentro en Rosario, con la participaci\u00f3n de docentes y autoridades escolares de todos los niveles y modalidades para reflexionar sobre la educaci\u00f3n en la provincia y el impacto de la pandemia. La precandidata a senadora nacional por la lista Adelante, del Frente Amplio Progresista (FAP), Clara Garc\u00eda encabez\u00f3 un encuentro en [&hellip;]<\/p>\n","protected":false},"author":3,"featured_media":25051,"comment_status":"open","ping_status":"open","sticky":false,"template":"","format":"standard","meta":{"_joinchat":[],"footnotes":""},"categories":[66],"tags":[],"class_list":{"0":"post-25047","1":"post","2":"type-post","3":"status-publish","4":"format-standard","5":"has-post-thumbnail","7":"category-politica"},"_links":{"self":[{"href":"https:\/\/infovera.com.ar\/web\/wp-json\/wp\/v2\/posts\/25047","targetHints":{"allow":["GET"]}}],"collection":[{"href":"https:\/\/infovera.com.ar\/web\/wp-json\/wp\/v2\/posts"}],"about":[{"href":"https:\/\/infovera.com.ar\/web\/wp-json\/wp\/v2\/types\/post"}],"author":[{"embeddable":true,"href":"https:\/\/infovera.com.ar\/web\/wp-json\/wp\/v2\/users\/3"}],"replies":[{"embeddable":true,"href":"https:\/\/infovera.com.ar\/web\/wp-json\/wp\/v2\/comments?post=25047"}],"version-history":[{"count":0,"href":"https:\/\/infovera.com.ar\/web\/wp-json\/wp\/v2\/posts\/25047\/revisions"}],"wp:featuredmedia":[{"embeddable":true,"href":"https:\/\/infovera.com.ar\/web\/wp-json\/wp\/v2\/media\/25051"}],"wp:attachment":[{"href":"https:\/\/infovera.com.ar\/web\/wp-json\/wp\/v2\/media?parent=25047"}],"wp:term":[{"taxonomy":"category","embeddable":true,"href":"https:\/\/infovera.com.ar\/web\/wp-json\/wp\/v2\/categories?post=25047"},{"taxonomy":"post_tag","embeddable":true,"href":"https:\/\/infovera.com.ar\/web\/wp-json\/wp\/v2\/tags?post=25047"}],"curies":[{"name":"wp","href":"https:\/\/api.w.org\/{rel}","templated":true}]}}