{"id":25018,"date":"2021-08-14T15:07:13","date_gmt":"2021-08-14T18:07:13","guid":{"rendered":"https:\/\/infovera.com.ar\/web\/?p=25018"},"modified":"2021-08-14T15:23:00","modified_gmt":"2021-08-14T18:23:00","slug":"cambiemos-con-ganas-vera-una-nueva-propuesta-dentro-de-juntos-por-el-cambio","status":"publish","type":"post","link":"https:\/\/infovera.com.ar\/web\/2021\/08\/14\/cambiemos-con-ganas-vera-una-nueva-propuesta-dentro-de-juntos-por-el-cambio\/","title":{"rendered":"Cambiemos con Ganas Vera. Una nueva propuesta dentro de Juntos por el Cambio"},"content":{"rendered":"<p><strong>\u201cHonestidad, convicci\u00f3n, trabajo y confianza. Nosotros con vos\u201d. Es el slogan del grupo pol\u00edtico que compite en la interna, como precandidatos a concejales, dentro de Juntos por el Cambio (JxC) en la ciudad de Vera en las PASO del 12 de septiembre.<\/strong><\/p>\n<p>La lista encabezada por la abogada Lilia Sosa Gerelli, el Prof. de Ed. F\u00eds. Mario Hidalgo y la abogada Florencia Cappello, se present\u00f3 formalmente este viernes trece de agosto, junto a los candidatos suplentes Mario \u201cTula\u201d Mendoza, Alberto \u201cBeto\u201d Velazco y Nara Coronado.<\/p>\n<p>En la ocasi\u00f3n Sosa Gerelli destac\u00f3 la integridad del equipo conformado y agradeci\u00f3 la participaci\u00f3n, y la colaboraci\u00f3n, de todas las personas que la acompa\u00f1an y que hicieron posible la nueva propuesta pol\u00edtica. As\u00ed mismo, enfatiz\u00f3: \u201cconformamos un grupo maravilloso de trabajo que lo hacemos con mucha fuerza y con muchas ganas, como se llama nuestra lista: Cambiemos con Ganas\u201d.<\/p>\n<p>En la misma l\u00ednea, la integrante del Foro de mujeres Radicales de la Pcia., resalt\u00f3 \u201ctenemos una fuerza enorme, como aqu\u00e9l primer d\u00eda que me llam\u00f3 Ra\u00fal Seco Encina y me invit\u00f3 a formar parte del grupo de trabajo, hace ya m\u00e1s de veinte a\u00f1os\u201d.<\/p>\n<p>En cuanto a la precandidatura, la primera aspirante a concejal de lista afirm\u00f3 \u201cqueremos llevar la voz, el sue\u00f1o y la preocupaci\u00f3n de cada vecino al Concejo Municipal (\u2026). Vamos a estar ah\u00ed para defender cada una de las cuestiones de los ciudadanos verenses (\u2026), consensuar, dialogar y poner un control al poder ejecutivo municipal (\u2026). A trav\u00e9s de los pedidos de informe, tenemos que saber en qu\u00e9 se gasta el dinero de los vecinos (\u2026)\u201d.<\/p>\n<p>As\u00ed mismo, el segundo candidato, Mario Hidalgo, expres\u00f3 su de deseo de \u201csumar en Vera, mejorando m\u00e1s aun lo que est\u00e1 hecho y es bueno; con ganas, y hacer lo mejor que se pueda para nuestra localidad (\u2026), tenemos muchas cosas para aportar y para seguir (\u2026). Esperamos llegar a los vecinos y poner lo mejor de nosotros para que esto pueda ir mejorando\u201d.<\/p>\n<p>A continuaci\u00f3n, Florencia Cappello resalt\u00f3 que, de inmediato, se sum\u00f3 a la propuesta de Gerelli porque \u201cen los tiempos que corren es sumamente importante que las mujeres nos involucremos en pol\u00edtica y que podamos darle el cambio que necesita (\u2026). Y tambi\u00e9n compartir este espacio donde siento que los valores me representan (\u2026)\u201d.<\/p>\n<p>En el mismo sentido, Cappello destac\u00f3 su lucha \u2013de hace a\u00f1os- por la accesibilidad para personas con discapacidad, \u201cmi sue\u00f1o de alma (\u2026) es que Vera pueda ser una ciudad accesible; poder, de alguna manera, derrumbar esas barreras arquitect\u00f3nicas que impiden que las personas con discapacidad puedan desenvolverse y circular libremente por la ciudad; que eso deje de ser una utop\u00eda para convertirse en una realidad (\u2026)\u201d. Concluy\u00f3 que \u201clas quejas, las sugerencias y las propuestas del vecino puedan ser una realidad (\u2026); encontr\u00e9 en este equipo de trabajo, en este grupo y en este espacio pol\u00edtico, la posibilidad para hacerlo\u201d.<\/p>\n<p>En tanto, Mario \u201cTula\u201d Mendoza hizo especial hincapi\u00e9 en la problem\u00e1tica que atraviesan los comerciantes, vendedores y viajantes locales ante la falta de normativas municipales que regulen la actividad en favor de los trabajadores y de la ciudad. En tal sentido, el precandidato pronunci\u00f3 su deseo de proyectar una ordenanza municipal que, no solo proteja y ayude a los verenses que se desempe\u00f1an en el rubro sino que, tambi\u00e9n, genere ingresos para la localidad.<\/p>\n<p>Por su parte, los aspirantes m\u00e1s j\u00f3venes, Nara Coronado, T\u00e9c. en diagn\u00f3stico por imagen, y Alberto \u201cBeto\u201d Velazco, estudiante de abogac\u00eda y desarrollador de software, se refirieron a diversos temas como las posibilidades para j\u00f3venes y emprendedores verenses de desarrollarse en la ciudad, y las ganas de colaborar en tal cometido.<\/p>\n<p>Coronado expres\u00f3 su involucramiento en pol\u00edtica, y sus ganas, para poder cambiar (\u2026) sumar ideas y mejorar lo que ya est\u00e1 hecho en Vera\u201d. Del mismo modo, Velazco (miembro de la Juventud Radical) sostuvo que \u201ces bueno que los j\u00f3venes nos integremos ya que la pol\u00edtica se hace desde adentro\u201d. Traslad\u00f3 su deseo \u2013al igual que Sosa Gerelli- de contar \u201ccon una biblioteca p\u00fablica en la ciudad de Vera\u201d y que \u201cse reactive el cine\u201d, entre otras necesidades que le trasladaron j\u00f3venes verenses, como el hecho de \u201ctraer nuevas carreras a la ciudad (\u2026) especialmente las basadas en nuevas tecnolog\u00edas\u201d.<\/p>\n<p>Cabe destacar que la presentaci\u00f3n de Cambiemos con Ganas, cont\u00f3 con la participaci\u00f3n del precandidato a senador nacional (JxC) Dionisio Scarp\u00edn, actual intendente de la ciudad de Avellaneda, quien felicit\u00f3 al equipo de precandidatos a concejales por su compromiso. Tambi\u00e9n, destac\u00f3 los valores, las ganas y la integraci\u00f3n del grupo pol\u00edtico: \u201cUna lista muy linda porque representa a diferentes sectores sociales que tienen las comunidades (\u2026)\u201d. As\u00ed mismo, remarc\u00f3 su compromiso de \u201cacompa\u00f1ar a Lilia y a todos los verenses,\u201d y la posibilidad y oportunidad \u00fanicas de tener una voz del norte santafesino en el Senado de la Naci\u00f3n.<\/p>\n<p>Fuente: Prensa Cambiemos con Ganas Vera<\/p>\n","protected":false},"excerpt":{"rendered":"<p>\u201cHonestidad, convicci\u00f3n, trabajo y confianza. Nosotros con vos\u201d. Es el slogan del grupo pol\u00edtico que compite en la interna, como precandidatos a concejales, dentro de Juntos por el Cambio (JxC) en la ciudad de Vera en las PASO del 12 de septiembre. La lista encabezada por la abogada Lilia Sosa Gerelli, el Prof. de Ed. [&hellip;]<\/p>\n","protected":false},"author":3,"featured_media":25021,"comment_status":"open","ping_status":"open","sticky":false,"template":"","format":"standard","meta":{"_joinchat":[],"footnotes":""},"categories":[66],"tags":[],"class_list":{"0":"post-25018","1":"post","2":"type-post","3":"status-publish","4":"format-standard","5":"has-post-thumbnail","7":"category-politica"},"_links":{"self":[{"href":"https:\/\/infovera.com.ar\/web\/wp-json\/wp\/v2\/posts\/25018","targetHints":{"allow":["GET"]}}],"collection":[{"href":"https:\/\/infovera.com.ar\/web\/wp-json\/wp\/v2\/posts"}],"about":[{"href":"https:\/\/infovera.com.ar\/web\/wp-json\/wp\/v2\/types\/post"}],"author":[{"embeddable":true,"href":"https:\/\/infovera.com.ar\/web\/wp-json\/wp\/v2\/users\/3"}],"replies":[{"embeddable":true,"href":"https:\/\/infovera.com.ar\/web\/wp-json\/wp\/v2\/comments?post=25018"}],"version-history":[{"count":0,"href":"https:\/\/infovera.com.ar\/web\/wp-json\/wp\/v2\/posts\/25018\/revisions"}],"wp:featuredmedia":[{"embeddable":true,"href":"https:\/\/infovera.com.ar\/web\/wp-json\/wp\/v2\/media\/25021"}],"wp:attachment":[{"href":"https:\/\/infovera.com.ar\/web\/wp-json\/wp\/v2\/media?parent=25018"}],"wp:term":[{"taxonomy":"category","embeddable":true,"href":"https:\/\/infovera.com.ar\/web\/wp-json\/wp\/v2\/categories?post=25018"},{"taxonomy":"post_tag","embeddable":true,"href":"https:\/\/infovera.com.ar\/web\/wp-json\/wp\/v2\/tags?post=25018"}],"curies":[{"name":"wp","href":"https:\/\/api.w.org\/{rel}","templated":true}]}}