{"id":25000,"date":"2021-08-13T13:10:21","date_gmt":"2021-08-13T16:10:21","guid":{"rendered":"https:\/\/infovera.com.ar\/web\/?p=25000"},"modified":"2021-08-13T13:10:21","modified_gmt":"2021-08-13T16:10:21","slug":"perotti-anuncio-el-envio-a-la-legislatura-de-un-proyecto-para-establecer-el-voto-joven-desde-los-16-anos","status":"publish","type":"post","link":"https:\/\/infovera.com.ar\/web\/2021\/08\/13\/perotti-anuncio-el-envio-a-la-legislatura-de-un-proyecto-para-establecer-el-voto-joven-desde-los-16-anos\/","title":{"rendered":"Perotti anunci\u00f3 el env\u00edo a la Legislatura de un proyecto para establecer el voto joven desde los 16 a\u00f1os"},"content":{"rendered":"<p><strong>En el marco del D\u00eda Internacional de la Juventud, el gobernador se reuni\u00f3 en Rosario con estudiantes de toda la provincia, donde recogi\u00f3 inquietudes vinculadas a la conectividad, el medioambiente y la seguridad, entre otros.<\/strong><\/p>\n<p>En el marco del D\u00eda Internacional de la Juventud, el gobernador Omar Perotti encabez\u00f3 este jueves un encuentro con representantes de la Federaci\u00f3n de Estudiantes Secundarios de Rosario y referentes estudiantiles de toda la provincia, en una reuni\u00f3n que tuvo como objetivo analizar las pol\u00edticas p\u00fablicas que se vienen desarrollando y los desaf\u00edos pendientes.En ese marco, recibi\u00f3 inquietudes de los presentes, vinculadas a la necesidad de obtener una mayor conectividad; tambi\u00e9n, sobre otros temas como el medioambiente, la educaci\u00f3n sexual integral y la seguridad.<\/p>\n<p>\u201cLos quiero rebeldes, cuestionadores, con todas las ganas. Discutan todo y enriqu\u00e9zcanse en esa discusi\u00f3n. Ustedes est\u00e1n dando un paso diferente, est\u00e1n sacando tiempo de ocio, diversi\u00f3n, amigos y descanso para ponerlo en su centro de estudiantes a favor de los otros; a todo aquel que da un paso como dirigente lo valoro enormemente, porque est\u00e1 trascendiendo lo propio para pensar y aportar en el conjunto\u201d, les dijo el gobernador a los presentes.<\/p>\n<p>M\u00e1s adelante, Perotti anunci\u00f3 que enviar\u00e1 a la Legislatura un proyecto para establecer el voto joven a partir de los 16 a\u00f1os. \u201cComparto plenamente la idea. Hay proyectos presentados, pero me comprometo a enviar uno que ojal\u00e1 dispare la discusi\u00f3n para juntar a todos los que est\u00e1n representados. Es una instancia donde como provincia estamos retrasados; como no hemos actualizado la Constituci\u00f3n el voto habla de los 18 a\u00f1os y pareciera que entrar\u00edamos en contracci\u00f3n si aprobamos una ley que hable de esto, pero hay jurisprudencia que empuja fuerte a que la provincia vaya adecuando su normativa legislativa m\u00e1s all\u00e1 que se haya o no modificado la Constituci\u00f3n\u201d, fundament\u00f3 el gobernador de la provincia.<\/p>\n<p>Tambi\u00e9n, el mandatario santafesino dio detalles del programa \u201cPrimer Empleo\u201d -presentado hoy-, que promueve la inserci\u00f3n laboral y formal de j\u00f3venes de entre 18 y 30 a\u00f1os y en el cual la provincia intermediar\u00e1 entre los trabajadores y las empresas. \u201cMuchas veces piden experiencia previa y eso es un gran problema. Con este programa, acompa\u00f1amos la etapa de formaci\u00f3n y la posibilidad de que esa experiencia sea para quedarse o mostrar en otra opci\u00f3n laboral\u201d, explic\u00f3.<\/p>\n<p>Por otro lado, se refiri\u00f3 al Boleto Educativo Gratuito (BEG), otro programa implementado por la provincia que tuvo gran aceptaci\u00f3n. \u201cAyuda a remover obst\u00e1culos para el acceso a la educaci\u00f3n\u201d, dijo al respecto Perotti; y agreg\u00f3 que \u201cSanta Fe debe ser la provincia con mayor cantidad de chicas y chicos que terminen la secundaria. El futuro de cualquier comunidad va a ser m\u00e1s contenedor si la sociedad tiene la capacidad de cuidar a su gente y generar conocimiento\u201d, sostuvo.<\/p>\n<p>Finalmente, el gobernador convoc\u00f3 y valor\u00f3 el aporte de los j\u00f3venes: \u201cNo creo en los gabinetes j\u00f3venes, que se armaban para discutir temas de los j\u00f3venes; yo quiero j\u00f3venes en el gabinete que discutan todo: la pol\u00edtica de seguridad, de educaci\u00f3n, ambiental y de salud desde su \u00f3ptica&#8221;, concluy\u00f3.<\/p>\n<p><strong>LA VOZ DE LOS J\u00d3VENES<\/strong><\/p>\n<p>Durante el encuentro, llevado a cabo en el Galp\u00f3n 15, acompa\u00f1aron al gobernador el director provincial del Boleto Educativo Gratuito (BEG), Juan Rober Benegui; la coordinadora del programa ATR Juventudes, Milagros Monserrat; y el coordinador del \u00c1rea de Participaci\u00f3n Estudiantil del Ministerio de Educaci\u00f3n, Lucas Gonz\u00e1lez Granata.<\/p>\n<p>En la oportunidad, se trataron distintos programas que viene aplicando el gobierno provincial, como el BEG y ATR Juventudes. Los participantes realizaron sus aportes y recomendaciones frente al funcionamiento futuro de esos programas.<\/p>\n<p>En ese marco, Monserrat cont\u00f3 que desde el \u201cMinisterio de Igualdad, G\u00e9nero y Diversidad de la provincia se va a seguir trabajando de manera interministerial para garantizar un mayor bienestar para todas las y los j\u00f3venes santafesinos\u201d, y a\u00f1adi\u00f3 que el objetivo \u201cseguir fortaleciendo a las juventudes en su rol de innovadores y pensadores cr\u00edticos; la idea es que los j\u00f3venes puedan participar y seguir siendo parte de la gesti\u00f3n de nuestra provincia\u201d.<\/p>\n<p>Previamente, Benegui detall\u00f3 que el BEG \u201csuper\u00f3 los 200 mil inscriptos y produce un ahorro significante a los usuarios\u201d, y record\u00f3 que la iniciativa fue \u201cuna promesa de campa\u00f1a que ya est\u00e1 en marcha\u201d.<\/p>\n<p>A su turno, Gonz\u00e1lez Granata coincidi\u00f3 en destacar la importancia del BEG y dio detalles del Boleto Educativo Rural. En ese sentido cont\u00f3 que involucra a 1.479 escuelas, 9.670 estudiantes y beneficia a 615 localidades y parajes. Tambi\u00e9n, valor\u00f3 la creaci\u00f3n y potenciaci\u00f3n de centros: \u201cQueremos poner a los estudiantes en el centro de la escena\u201d, indic\u00f3.<\/p>\n<p><strong>D\u00cdA DE LA JUVENTUD<\/strong><\/p>\n<p>El D\u00eda Internacional de la Juventud tiene por objetivo situar en primer plano los problemas de los y las j\u00f3venes y celebrar el potencial que tienen en la construcci\u00f3n de sociedades m\u00e1s justas e igualitarias.<\/p>\n<p>Se busca celebrar anualmente el papel de ellos y ellas como agentes indispensables de cambio, pero tambi\u00e9n para sensibilizar a la sociedad de los desaf\u00edos y problemas que deben enfrentar.<\/p>\n<p>Todo eso para lograr que tanto los Estados como el p\u00fablico en general comprendan las necesidades de los\/as j\u00f3venes, que implementen pol\u00edticas que les ayuden a superar los desaf\u00edos que enfrentan y les alienten a formar parte de los procesos de toma de decisi\u00f3n.<\/p>\n<p>De la convocatoria, que se desarroll\u00f3 en formato charla, tambi\u00e9n participaron estudiantes y referentes de distintos centros de toda la provincia, quienes se conectaron de manera virtual.<\/p>\n","protected":false},"excerpt":{"rendered":"<p>En el marco del D\u00eda Internacional de la Juventud, el gobernador se reuni\u00f3 en Rosario con estudiantes de toda la provincia, donde recogi\u00f3 inquietudes vinculadas a la conectividad, el medioambiente y la seguridad, entre otros. En el marco del D\u00eda Internacional de la Juventud, el gobernador Omar Perotti encabez\u00f3 este jueves un encuentro con representantes [&hellip;]<\/p>\n","protected":false},"author":3,"featured_media":25002,"comment_status":"open","ping_status":"open","sticky":false,"template":"","format":"standard","meta":{"_joinchat":[],"footnotes":""},"categories":[66],"tags":[],"class_list":{"0":"post-25000","1":"post","2":"type-post","3":"status-publish","4":"format-standard","5":"has-post-thumbnail","7":"category-politica"},"_links":{"self":[{"href":"https:\/\/infovera.com.ar\/web\/wp-json\/wp\/v2\/posts\/25000","targetHints":{"allow":["GET"]}}],"collection":[{"href":"https:\/\/infovera.com.ar\/web\/wp-json\/wp\/v2\/posts"}],"about":[{"href":"https:\/\/infovera.com.ar\/web\/wp-json\/wp\/v2\/types\/post"}],"author":[{"embeddable":true,"href":"https:\/\/infovera.com.ar\/web\/wp-json\/wp\/v2\/users\/3"}],"replies":[{"embeddable":true,"href":"https:\/\/infovera.com.ar\/web\/wp-json\/wp\/v2\/comments?post=25000"}],"version-history":[{"count":0,"href":"https:\/\/infovera.com.ar\/web\/wp-json\/wp\/v2\/posts\/25000\/revisions"}],"wp:featuredmedia":[{"embeddable":true,"href":"https:\/\/infovera.com.ar\/web\/wp-json\/wp\/v2\/media\/25002"}],"wp:attachment":[{"href":"https:\/\/infovera.com.ar\/web\/wp-json\/wp\/v2\/media?parent=25000"}],"wp:term":[{"taxonomy":"category","embeddable":true,"href":"https:\/\/infovera.com.ar\/web\/wp-json\/wp\/v2\/categories?post=25000"},{"taxonomy":"post_tag","embeddable":true,"href":"https:\/\/infovera.com.ar\/web\/wp-json\/wp\/v2\/tags?post=25000"}],"curies":[{"name":"wp","href":"https:\/\/api.w.org\/{rel}","templated":true}]}}