{"id":24992,"date":"2021-08-13T12:57:15","date_gmt":"2021-08-13T15:57:15","guid":{"rendered":"https:\/\/infovera.com.ar\/web\/?p=24992"},"modified":"2021-08-16T16:22:12","modified_gmt":"2021-08-16T19:22:12","slug":"educacion-brindo-precisiones-acerca-de-la-propuesta-sabados-activos","status":"publish","type":"post","link":"https:\/\/infovera.com.ar\/web\/2021\/08\/13\/educacion-brindo-precisiones-acerca-de-la-propuesta-sabados-activos\/","title":{"rendered":"Educaci\u00f3n brind\u00f3 precisiones acerca de la propuesta &#8220;S\u00e1bados Activos&#8221;"},"content":{"rendered":"<p><strong>La iniciativa se concretar\u00e1 a partir de septiembre y est\u00e1 destinada a alumnas y alumnos de los terceros y cuartos a\u00f1os de la educaci\u00f3n secundaria.<\/strong><\/p>\n<p>El ministerio de Educaci\u00f3n de la provincia aport\u00f3 nuevas precisiones acerca de la propuesta \u201cS\u00e1bados Activos\u201d que buscar\u00e1 enriquecer y fortalecer las experiencias educativas de los estudiantes de tercer y cuarto a\u00f1o de las escuelas secundarias provinciales, tanto p\u00fablicas como privadas.<\/p>\n<p>En este sentido, la ministra del \u00e1rea, Adriana Cantero, aclar\u00f3 que \u201cen el caso de las y los alumnos del tercer y cuarto a\u00f1o de las secundarias orientadas la propuesta ser\u00e1 la de los S\u00e1bados Activos que facilitar\u00e1n que las y los chicos tengan la posibilidad de acceder a una propuesta quincenal los d\u00edas s\u00e1bados, que van a contemplar actividades deportivas, culturales, art\u00edsticas y cient\u00edficas\u201d.<\/p>\n<p>\u201cEsas actividades, prosigui\u00f3 la funcionaria, van a estar planificadas y desarrolladas con recursos que tanto los ministerios nacional como provincial van a aportar para garantizar la tarea, que en este caso ser\u00e1 una tarea temporaria por el tiempo en que dure el despliegue de estos \u00faltimos meses de este semestre, fundamentalmente para fortalecer el final del per\u00edodo 2020-2021\u201d.<\/p>\n<p>Respecto de los alcances de la iniciativa, la ministra de Educaci\u00f3n precis\u00f3 que \u201cesta propuesta no es obligatoria pero esperamos sea tan convocante para todos los estudiantes, de modo que todas y todos quieran acercarse a la escuela para transitar en los espacios especialmente dise\u00f1ados para enriquecer su experiencia educativa\u201d.<\/p>\n<p><strong>Fortalecimiento educativo<\/strong><\/p>\n<p>Asimismo, la ministra Cantero se refiri\u00f3 a otras propuestas para el fortalecimiento educativo, la intensificaci\u00f3n pedag\u00f3gica y el cuidado de las trayectorias escolares, sobre todo las m\u00e1s fragilizadas como consecuencia de la pandemia.<\/p>\n<p>En ese marco, explic\u00f3 que \u201cse ha planificado para el nivel primario la posibilidad del trabajo focalizado, con el programa Acompa\u00f1ar, en la 68 escuelas que han evidenciado mayores \u00edndices de fragilizaci\u00f3n de trayectorias a trav\u00e9s una labor pedag\u00f3gica que aumente la capacidad de contenci\u00f3n y fortalecimiento de la escuela y tambi\u00e9n tutor\u00edas que van a acompa\u00f1ar precisamente estos recorridos debilitados\u201d.<\/p>\n<p>Por otra parte, la titular de Educaci\u00f3n coment\u00f3 que \u201cen el caso de los primeros y segundos a\u00f1os del nivel secundario, donde los estudiantes han tenido menos posibilidades de comprender lo que es constituirse en un alumno de secundaria por estar transitado la pandemia, vamos a incrementar significativamente las horas de tutor\u00edas, por un lado con una l\u00ednea destinada a la dimensi\u00f3n afectiva , para que los y las alumnas pueden encontrar en la escuela un espacio que los aloje y los comprenda, y otra variante de acci\u00f3n tutorial fuertemente acad\u00e9mica para asegurar los aprendizajes estrat\u00e9gicos que hay que asegurar a la secundaria b\u00e1sica\u201d.<\/p>\n<p>Por \u00faltimo, la ministra se refiri\u00f3 al caso de qui\u00e9nes cursan el \u00faltimo a\u00f1o de la escuela secundaria, sea de modalidad t\u00e9cnica u orientada, precisando que \u201cvamos a trabajar la l\u00ednea Egresar sin Adeudar especialmente dedicada a un trabajo donde la mirada est\u00e9 puesta en los aprendizajes estrat\u00e9gicos de cierre de la trayectoria escolar obligatoria de modo que le permita a estos alumnos y alumnas egresan sin adeudar espacios curriculares\u201d.<\/p>\n","protected":false},"excerpt":{"rendered":"<p>La iniciativa se concretar\u00e1 a partir de septiembre y est\u00e1 destinada a alumnas y alumnos de los terceros y cuartos a\u00f1os de la educaci\u00f3n secundaria. El ministerio de Educaci\u00f3n de la provincia aport\u00f3 nuevas precisiones acerca de la propuesta \u201cS\u00e1bados Activos\u201d que buscar\u00e1 enriquecer y fortalecer las experiencias educativas de los estudiantes de tercer y [&hellip;]<\/p>\n","protected":false},"author":3,"featured_media":24994,"comment_status":"open","ping_status":"open","sticky":false,"template":"","format":"standard","meta":{"_joinchat":[],"footnotes":""},"categories":[60],"tags":[],"class_list":{"0":"post-24992","1":"post","2":"type-post","3":"status-publish","4":"format-standard","5":"has-post-thumbnail","7":"category-provinciales"},"_links":{"self":[{"href":"https:\/\/infovera.com.ar\/web\/wp-json\/wp\/v2\/posts\/24992","targetHints":{"allow":["GET"]}}],"collection":[{"href":"https:\/\/infovera.com.ar\/web\/wp-json\/wp\/v2\/posts"}],"about":[{"href":"https:\/\/infovera.com.ar\/web\/wp-json\/wp\/v2\/types\/post"}],"author":[{"embeddable":true,"href":"https:\/\/infovera.com.ar\/web\/wp-json\/wp\/v2\/users\/3"}],"replies":[{"embeddable":true,"href":"https:\/\/infovera.com.ar\/web\/wp-json\/wp\/v2\/comments?post=24992"}],"version-history":[{"count":0,"href":"https:\/\/infovera.com.ar\/web\/wp-json\/wp\/v2\/posts\/24992\/revisions"}],"wp:featuredmedia":[{"embeddable":true,"href":"https:\/\/infovera.com.ar\/web\/wp-json\/wp\/v2\/media\/24994"}],"wp:attachment":[{"href":"https:\/\/infovera.com.ar\/web\/wp-json\/wp\/v2\/media?parent=24992"}],"wp:term":[{"taxonomy":"category","embeddable":true,"href":"https:\/\/infovera.com.ar\/web\/wp-json\/wp\/v2\/categories?post=24992"},{"taxonomy":"post_tag","embeddable":true,"href":"https:\/\/infovera.com.ar\/web\/wp-json\/wp\/v2\/tags?post=24992"}],"curies":[{"name":"wp","href":"https:\/\/api.w.org\/{rel}","templated":true}]}}