{"id":24938,"date":"2021-08-12T09:52:30","date_gmt":"2021-08-12T12:52:30","guid":{"rendered":"https:\/\/infovera.com.ar\/web\/?p=24938"},"modified":"2021-08-13T13:23:16","modified_gmt":"2021-08-13T16:23:16","slug":"cerca-de-15-milon-de-jubilados-y-pensionados-recibiran-el-aumento-en-santa-fe","status":"publish","type":"post","link":"https:\/\/infovera.com.ar\/web\/2021\/08\/12\/cerca-de-15-milon-de-jubilados-y-pensionados-recibiran-el-aumento-en-santa-fe\/","title":{"rendered":"Cerca de 1,5 mil\u00f3n de jubilados y pensionados recibir\u00e1n el aumento en Santa Fe"},"content":{"rendered":"<p><strong>La ANSES inform\u00f3 que este tercer aumento otorgado mediante la Ley de Movilidad N\u00b0 27.609 impulsada por el Gobierno Nacional alcanzar\u00e1, a partir del mes de septiembre, a 7.1 millones de titulares de jubilaciones y pensiones.<\/strong><\/p>\n<p>Respecto al impacto de esta medida en regi\u00f3n, se informa que en la provincia de\u00a0Santa Fe: 427.065 titulares de jubilaciones, 151.325 titulares de pensiones, 71.202 beneficiarios y beneficiarias de pensiones no contributivas y 14.267 titulares de la Pensi\u00f3n Universal para el Adulto Mayor, percibir\u00e1n el incremento del 12,39 por ciento en sus haberes.<\/p>\n<p>Asimismo, este aumento alcanzar\u00e1 a los 743.744 beneficiarios y beneficiarias de asignaciones familiares en la provincia, impactando tambi\u00e9n en las asignaciones por Embarazo, Prenatal, Nacimiento, Adopci\u00f3n y Matrimonio.<\/p>\n<p>Respecto a la provincia de\u00a0Entre R\u00edos: 146.052 titulares de jubilaciones, 50.232 titulares de pensiones, 52.131 beneficiarios y beneficiarias de pensiones no contributivas y 5.755 de la Pensi\u00f3n Universal para el Adulto Mayor, ser\u00e1n alcanzados por el pr\u00f3ximo incremento de haberes.<\/p>\n<p>De igual manera, el aumento de las asignaciones familiares llegar\u00e1 a 299.583 entrerrianos y entrerrianas.<\/p>\n<p>Con este aumento, el acumulado en lo que va del a\u00f1o ser\u00e1 del 36,2 por ciento para las jubilaciones, pensiones y asignaciones familiares.<\/p>\n<p>Este porcentaje acumulado no solo permite recuperar la p\u00e9rdida en los haberes producida durante el gobierno anterior, sino que adem\u00e1s se encuentra por encima del que hubiese otorgado la f\u00f3rmula de movilidad aplicada por ese gobierno (que ser\u00eda de 33.7 por ciento) y se encuentra por encima de la inflaci\u00f3n proyectada para este tercer trimestre.<\/p>\n<p>Consultado al respecto, el Jefe Regional Litoral de ANSES,\u00a0Diego Mansilla, sostuvo que: \u201cEste nuevo aumento se suma a los 3 refuerzos otorgados en los meses de abril y mayo, as\u00ed como el nuevo bono de 5000 pesos que se est\u00e1 pagando durante este mes. Adem\u00e1s, el pago anticipado del complemento de AUH y la posibilidad del reconocimiento de a\u00f1os de aportes por tareas de cuidado para las madres, forman parte de las medidas que este Gobierno Nacional est\u00e1 llevando adelante para proteger a cada argentino y argentina, y son claras se\u00f1ales de un Estado presente que apuesta al trabajo, al consumo y a la producci\u00f3n\u201d.<\/p>\n<p>Se recuerda que desde el 1\u00ba de septiembre el haber jubilatorio m\u00ednimo ascender\u00e1 a $25.922 (al asumir el Gobierno era de 14.068 pesos).<\/p>\n<p>&nbsp;<\/p>\n","protected":false},"excerpt":{"rendered":"<p>La ANSES inform\u00f3 que este tercer aumento otorgado mediante la Ley de Movilidad N\u00b0 27.609 impulsada por el Gobierno Nacional alcanzar\u00e1, a partir del mes de septiembre, a 7.1 millones de titulares de jubilaciones y pensiones. Respecto al impacto de esta medida en regi\u00f3n, se informa que en la provincia de\u00a0Santa Fe: 427.065 titulares de [&hellip;]<\/p>\n","protected":false},"author":3,"featured_media":24940,"comment_status":"open","ping_status":"open","sticky":false,"template":"","format":"standard","meta":{"_joinchat":[],"footnotes":""},"categories":[60],"tags":[],"class_list":{"0":"post-24938","1":"post","2":"type-post","3":"status-publish","4":"format-standard","5":"has-post-thumbnail","7":"category-provinciales"},"_links":{"self":[{"href":"https:\/\/infovera.com.ar\/web\/wp-json\/wp\/v2\/posts\/24938","targetHints":{"allow":["GET"]}}],"collection":[{"href":"https:\/\/infovera.com.ar\/web\/wp-json\/wp\/v2\/posts"}],"about":[{"href":"https:\/\/infovera.com.ar\/web\/wp-json\/wp\/v2\/types\/post"}],"author":[{"embeddable":true,"href":"https:\/\/infovera.com.ar\/web\/wp-json\/wp\/v2\/users\/3"}],"replies":[{"embeddable":true,"href":"https:\/\/infovera.com.ar\/web\/wp-json\/wp\/v2\/comments?post=24938"}],"version-history":[{"count":0,"href":"https:\/\/infovera.com.ar\/web\/wp-json\/wp\/v2\/posts\/24938\/revisions"}],"wp:featuredmedia":[{"embeddable":true,"href":"https:\/\/infovera.com.ar\/web\/wp-json\/wp\/v2\/media\/24940"}],"wp:attachment":[{"href":"https:\/\/infovera.com.ar\/web\/wp-json\/wp\/v2\/media?parent=24938"}],"wp:term":[{"taxonomy":"category","embeddable":true,"href":"https:\/\/infovera.com.ar\/web\/wp-json\/wp\/v2\/categories?post=24938"},{"taxonomy":"post_tag","embeddable":true,"href":"https:\/\/infovera.com.ar\/web\/wp-json\/wp\/v2\/tags?post=24938"}],"curies":[{"name":"wp","href":"https:\/\/api.w.org\/{rel}","templated":true}]}}