{"id":24918,"date":"2021-08-12T10:00:53","date_gmt":"2021-08-12T13:00:53","guid":{"rendered":"https:\/\/infovera.com.ar\/web\/?p=24918"},"modified":"2021-08-12T18:53:33","modified_gmt":"2021-08-12T21:53:33","slug":"llevaba-un-chancho-salvaje-vivo-en-una-bolsa","status":"publish","type":"post","link":"https:\/\/infovera.com.ar\/web\/2021\/08\/12\/llevaba-un-chancho-salvaje-vivo-en-una-bolsa\/","title":{"rendered":"Llevaba un chancho salvaje vivo en una bolsa"},"content":{"rendered":"<p><strong>Efectivos de la secci\u00f3n Vera de Los Pumas de patrullaje preventivo por zona rural de su jurisdicci\u00f3n, observaron un sujeto que se trasladaba en una motocicleta trasladando un bulto.<\/strong><\/p>\n<p>Seguidamente, al advertir la presencia policial aceler\u00f3 el veh\u00edculo, por lo que los uniformados logran detener la marcha del rodado, una motocicleta, marca zanella, 150 cc, e identificar a un ciudadano de 28 a\u00f1os de edad, domiciliado en zona Este de la ciudad.<\/p>\n<p>Adem\u00e1s, lograron la requisa voluntaria,de lo que transportaba, una bolsa de lona la que en su interior conten\u00eda un chancho salvaje vivo, aduciendo que lo obtuvo momentos antes al haber realizado junto a dos sujetos, la actividad de caza.<\/p>\n<p>Por tal motivo, procedieron al secuestro del rodado y de lo transportado, adem\u00e1s de la aprehensi\u00f3n del ciudadano siendo trasladado hasta Sede Policial donde fue<br \/>\nnotificado de sus derechos y por Infracci\u00f3n a la Ley Nac. N\u00b0 22.421 (protecci\u00f3n y<br \/>\nconservaci\u00f3n de la fauna silvestre) e Infracci\u00f3n a los Arts. 205 y 239 del CPA (violaci\u00f3n<br \/>\ndel DNU), terminadas las diligencias recupero su libertad.<\/p>\n<p>Interviene Unidad Fiscal de Vera.-<\/p>\n","protected":false},"excerpt":{"rendered":"<p>Efectivos de la secci\u00f3n Vera de Los Pumas de patrullaje preventivo por zona rural de su jurisdicci\u00f3n, observaron un sujeto que se trasladaba en una motocicleta trasladando un bulto. Seguidamente, al advertir la presencia policial aceler\u00f3 el veh\u00edculo, por lo que los uniformados logran detener la marcha del rodado, una motocicleta, marca zanella, 150 cc, [&hellip;]<\/p>\n","protected":false},"author":3,"featured_media":24922,"comment_status":"open","ping_status":"open","sticky":false,"template":"","format":"standard","meta":{"_joinchat":[],"footnotes":""},"categories":[30,53],"tags":[],"class_list":{"0":"post-24918","1":"post","2":"type-post","3":"status-publish","4":"format-standard","5":"has-post-thumbnail","7":"category-policiales","8":"category-vera"},"_links":{"self":[{"href":"https:\/\/infovera.com.ar\/web\/wp-json\/wp\/v2\/posts\/24918","targetHints":{"allow":["GET"]}}],"collection":[{"href":"https:\/\/infovera.com.ar\/web\/wp-json\/wp\/v2\/posts"}],"about":[{"href":"https:\/\/infovera.com.ar\/web\/wp-json\/wp\/v2\/types\/post"}],"author":[{"embeddable":true,"href":"https:\/\/infovera.com.ar\/web\/wp-json\/wp\/v2\/users\/3"}],"replies":[{"embeddable":true,"href":"https:\/\/infovera.com.ar\/web\/wp-json\/wp\/v2\/comments?post=24918"}],"version-history":[{"count":0,"href":"https:\/\/infovera.com.ar\/web\/wp-json\/wp\/v2\/posts\/24918\/revisions"}],"wp:featuredmedia":[{"embeddable":true,"href":"https:\/\/infovera.com.ar\/web\/wp-json\/wp\/v2\/media\/24922"}],"wp:attachment":[{"href":"https:\/\/infovera.com.ar\/web\/wp-json\/wp\/v2\/media?parent=24918"}],"wp:term":[{"taxonomy":"category","embeddable":true,"href":"https:\/\/infovera.com.ar\/web\/wp-json\/wp\/v2\/categories?post=24918"},{"taxonomy":"post_tag","embeddable":true,"href":"https:\/\/infovera.com.ar\/web\/wp-json\/wp\/v2\/tags?post=24918"}],"curies":[{"name":"wp","href":"https:\/\/api.w.org\/{rel}","templated":true}]}}