{"id":24862,"date":"2021-08-11T18:50:37","date_gmt":"2021-08-11T21:50:37","guid":{"rendered":"https:\/\/infovera.com.ar\/web\/?p=24862"},"modified":"2021-08-12T12:43:23","modified_gmt":"2021-08-12T15:43:23","slug":"accidente-deja-dos-muertos-en-vera","status":"publish","type":"post","link":"https:\/\/infovera.com.ar\/web\/2021\/08\/11\/accidente-deja-dos-muertos-en-vera\/","title":{"rendered":"Accidente en la Ruta 98 dej\u00f3 dos muertos (noticia ampliada)"},"content":{"rendered":"<p><strong>El accidente de tr\u00e1nsito ocurri\u00f3 iniciada la tarde de este mi\u00e9rcoles 11 de agosto en Ruta Nacional 98, jurisdicci\u00f3n de Vera, en la zona conocida como &#8220;la curva&#8221;.<\/strong><\/p>\n<p>En principio habr\u00eda dos fallecidos, de apellido Bobadilla, oriundos de la ciudad de Vera, producto del choque frontal de dos autom\u00f3viles, en los cuales se conduc\u00edan los verenses y en el otro un vecino de Malabrigo que se encuentra en grave estado.<\/p>\n<p><strong>AMPLIAMOS<\/strong><\/p>\n<p>A las 15:45 se produjo un accidente accidente de tr\u00e1nsito en Ruta Nacional N\u00b098, km 03.<\/p>\n<p>Por causas que se tratan de establecer, colisionaron un autom\u00f3vil Renault 19, de color rojo, conducido por un hombre de 36 a\u00f1os, que iba acompa\u00f1ado de un adulto mayor de 74 a\u00f1os y dos mujeres de 67 y 40 a\u00f1os, todos domiciliados en Vera, y Chevrolet Astra, guiado por un hombre de 40 a\u00f1os, domiciliado en la ciudad de Malabrigo.<\/p>\n<p>Al lugar acudieron la la polic\u00eda y la ambulancia del SIES Vera en distintos m\u00f3viles, y trasladaron a las v\u00edctimas para su atenci\u00f3n al Hospital Regional.<\/p>\n<div id='gallery-1' class='gallery galleryid-24862 gallery-columns-3 gallery-size-thumbnail'><figure class='gallery-item'>\n\t\t\t<div class='gallery-icon landscape'>\n\t\t\t\t<a href='https:\/\/infovera.com.ar\/web\/2021\/08\/11\/accidente-deja-dos-muertos-en-vera\/1-102\/'><img loading=\"lazy\" decoding=\"async\" width=\"150\" height=\"150\" src=\"https:\/\/infovera.com.ar\/web\/wp-content\/uploads\/2021\/08\/1-150x150.jpg\" class=\"attachment-thumbnail size-thumbnail\" alt=\"\" \/><\/a>\n\t\t\t<\/div><\/figure><figure class='gallery-item'>\n\t\t\t<div class='gallery-icon landscape'>\n\t\t\t\t<a href='https:\/\/infovera.com.ar\/web\/2021\/08\/11\/accidente-deja-dos-muertos-en-vera\/2-82\/'><img loading=\"lazy\" decoding=\"async\" width=\"150\" height=\"150\" src=\"https:\/\/infovera.com.ar\/web\/wp-content\/uploads\/2021\/08\/2-150x150.jpg\" class=\"attachment-thumbnail size-thumbnail\" alt=\"\" \/><\/a>\n\t\t\t<\/div><\/figure><figure class='gallery-item'>\n\t\t\t<div class='gallery-icon landscape'>\n\t\t\t\t<a href='https:\/\/infovera.com.ar\/web\/2021\/08\/11\/accidente-deja-dos-muertos-en-vera\/3-69\/'><img loading=\"lazy\" decoding=\"async\" width=\"150\" height=\"150\" src=\"https:\/\/infovera.com.ar\/web\/wp-content\/uploads\/2021\/08\/3-150x150.jpg\" class=\"attachment-thumbnail size-thumbnail\" alt=\"\" \/><\/a>\n\t\t\t<\/div><\/figure>\n\t\t<\/div>\n\n<p>A ra\u00edz del siniestro, fallecieron los ciudadanos de 36 a\u00f1os y 74 a\u00f1os; los dem\u00e1s involucrados en el accidente luego de las primeras curaciones fueron trasladados al Hospital Central de Reconquista para la continuaci\u00f3n de su tratamiento.<\/p>\n<p>Las personas fallecidas por orden de fiscal en fueron transportadas a la ciudad de Reconquista para llevar a cabo la autopsia.<\/p>\n<p>Asimismo, se solicit\u00f3\u00a0 inmediatamente la intervenci\u00f3n de Divisi\u00f3n Cient\u00edfico Forense A.I.C. Vera quienes arribaron y llevaron a cabo tareas correspondientes; posteriormente trasladaron los veh\u00edculos a la central policial para posteriores ex\u00e1menes de da\u00f1os y\/o pericias, quedando secuestrados preventivamente.<\/p>\n<p><img loading=\"lazy\" decoding=\"async\" class=\" wp-image-22351 aligncenter\" src=\"https:\/\/infovera.com.ar\/web\/wp-content\/uploads\/2021\/06\/ACOSTA-3-300x54.jpg\" alt=\"\" width=\"666\" height=\"120\" srcset=\"https:\/\/infovera.com.ar\/web\/wp-content\/uploads\/2021\/06\/ACOSTA-3-300x54.jpg 300w, https:\/\/infovera.com.ar\/web\/wp-content\/uploads\/2021\/06\/ACOSTA-3.jpg 670w\" sizes=\"auto, (max-width: 666px) 100vw, 666px\" \/><\/p>\n","protected":false},"excerpt":{"rendered":"<p>El accidente de tr\u00e1nsito ocurri\u00f3 iniciada la tarde de este mi\u00e9rcoles 11 de agosto en Ruta Nacional 98, jurisdicci\u00f3n de Vera, en la zona conocida como &#8220;la curva&#8221;. En principio habr\u00eda dos fallecidos, de apellido Bobadilla, oriundos de la ciudad de Vera, producto del choque frontal de dos autom\u00f3viles, en los cuales se conduc\u00edan los [&hellip;]<\/p>\n","protected":false},"author":2,"featured_media":24874,"comment_status":"open","ping_status":"open","sticky":false,"template":"","format":"standard","meta":{"_joinchat":[],"footnotes":""},"categories":[30,53],"tags":[],"class_list":{"0":"post-24862","1":"post","2":"type-post","3":"status-publish","4":"format-standard","5":"has-post-thumbnail","7":"category-policiales","8":"category-vera"},"_links":{"self":[{"href":"https:\/\/infovera.com.ar\/web\/wp-json\/wp\/v2\/posts\/24862","targetHints":{"allow":["GET"]}}],"collection":[{"href":"https:\/\/infovera.com.ar\/web\/wp-json\/wp\/v2\/posts"}],"about":[{"href":"https:\/\/infovera.com.ar\/web\/wp-json\/wp\/v2\/types\/post"}],"author":[{"embeddable":true,"href":"https:\/\/infovera.com.ar\/web\/wp-json\/wp\/v2\/users\/2"}],"replies":[{"embeddable":true,"href":"https:\/\/infovera.com.ar\/web\/wp-json\/wp\/v2\/comments?post=24862"}],"version-history":[{"count":0,"href":"https:\/\/infovera.com.ar\/web\/wp-json\/wp\/v2\/posts\/24862\/revisions"}],"wp:featuredmedia":[{"embeddable":true,"href":"https:\/\/infovera.com.ar\/web\/wp-json\/wp\/v2\/media\/24874"}],"wp:attachment":[{"href":"https:\/\/infovera.com.ar\/web\/wp-json\/wp\/v2\/media?parent=24862"}],"wp:term":[{"taxonomy":"category","embeddable":true,"href":"https:\/\/infovera.com.ar\/web\/wp-json\/wp\/v2\/categories?post=24862"},{"taxonomy":"post_tag","embeddable":true,"href":"https:\/\/infovera.com.ar\/web\/wp-json\/wp\/v2\/tags?post=24862"}],"curies":[{"name":"wp","href":"https:\/\/api.w.org\/{rel}","templated":true}]}}