{"id":24686,"date":"2021-08-06T10:00:15","date_gmt":"2021-08-06T13:00:15","guid":{"rendered":"https:\/\/infovera.com.ar\/web\/?p=24686"},"modified":"2021-08-09T19:39:54","modified_gmt":"2021-08-09T22:39:54","slug":"un-reconquistense-cayo-con-extasis-y-marihuana-en-ramayon","status":"publish","type":"post","link":"https:\/\/infovera.com.ar\/web\/2021\/08\/06\/un-reconquistense-cayo-con-extasis-y-marihuana-en-ramayon\/","title":{"rendered":"Un reconquistense cay\u00f3 con \u00e9xtasis y marihuana en Ramay\u00f3n"},"content":{"rendered":"<p><strong>En horas de la noche del jueves, efectivos del Escuadr\u00f3n Seguridad Vial San Justo de Gendarmer\u00eda Nacional que efectuaban controles sobre la Ruta Nacional Nro 11 a la altura del Kilometro 583, localidad de Ramay\u00f3n,<\/strong> procedieron al registro de un veh\u00edculo marca Volkswagen, conducido por un cuidadano de 32 a\u00f1os de edad, oriundo de la ciudad de Reconquista, proven\u00eda de la cuidad de Santa Fe.<\/p>\n<p>Al momento de prodecer con la inspecci\u00f3n divisan pastillas y una sustancia compacta vegetal verde- marronada(marihuana).<\/p>\n<p>El personal de Polic\u00eda Cient\u00edfica del Escuadr\u00f3n en presencia de testigos procedi\u00f3 a la prueba de campo Narcotest dando como resultado \u00c9XTASIS ( droga sint\u00e9tica) como as\u00ed tambi\u00e9n la sustancia vegetal di\u00f3 POSITIVO PARA CANNABIS SATIVA.<\/p>\n<p>Interviene en el hecho el Fiscal Federal de Santa Fe y el Juez federal de Santa Fe, quien dispuso el decomiso de los estupefacientes, y que el ciudadano en cuesti\u00f3n qued\u00e9 supeditado a la causa y posteriores investigaciones.<\/p>\n","protected":false},"excerpt":{"rendered":"<p>En horas de la noche del jueves, efectivos del Escuadr\u00f3n Seguridad Vial San Justo de Gendarmer\u00eda Nacional que efectuaban controles sobre la Ruta Nacional Nro 11 a la altura del Kilometro 583, localidad de Ramay\u00f3n, procedieron al registro de un veh\u00edculo marca Volkswagen, conducido por un cuidadano de 32 a\u00f1os de edad, oriundo de la [&hellip;]<\/p>\n","protected":false},"author":3,"featured_media":24688,"comment_status":"open","ping_status":"open","sticky":false,"template":"","format":"standard","meta":{"_joinchat":[],"footnotes":""},"categories":[51],"tags":[],"class_list":{"0":"post-24686","1":"post","2":"type-post","3":"status-publish","4":"format-standard","5":"has-post-thumbnail","7":"category-locales"},"_links":{"self":[{"href":"https:\/\/infovera.com.ar\/web\/wp-json\/wp\/v2\/posts\/24686","targetHints":{"allow":["GET"]}}],"collection":[{"href":"https:\/\/infovera.com.ar\/web\/wp-json\/wp\/v2\/posts"}],"about":[{"href":"https:\/\/infovera.com.ar\/web\/wp-json\/wp\/v2\/types\/post"}],"author":[{"embeddable":true,"href":"https:\/\/infovera.com.ar\/web\/wp-json\/wp\/v2\/users\/3"}],"replies":[{"embeddable":true,"href":"https:\/\/infovera.com.ar\/web\/wp-json\/wp\/v2\/comments?post=24686"}],"version-history":[{"count":0,"href":"https:\/\/infovera.com.ar\/web\/wp-json\/wp\/v2\/posts\/24686\/revisions"}],"wp:featuredmedia":[{"embeddable":true,"href":"https:\/\/infovera.com.ar\/web\/wp-json\/wp\/v2\/media\/24688"}],"wp:attachment":[{"href":"https:\/\/infovera.com.ar\/web\/wp-json\/wp\/v2\/media?parent=24686"}],"wp:term":[{"taxonomy":"category","embeddable":true,"href":"https:\/\/infovera.com.ar\/web\/wp-json\/wp\/v2\/categories?post=24686"},{"taxonomy":"post_tag","embeddable":true,"href":"https:\/\/infovera.com.ar\/web\/wp-json\/wp\/v2\/tags?post=24686"}],"curies":[{"name":"wp","href":"https:\/\/api.w.org\/{rel}","templated":true}]}}