{"id":24615,"date":"2021-08-04T21:42:14","date_gmt":"2021-08-05T00:42:14","guid":{"rendered":"https:\/\/infovera.com.ar\/web\/?p=24615"},"modified":"2021-08-04T21:42:14","modified_gmt":"2021-08-05T00:42:14","slug":"8-casos-positivos-de-covid-en-el-departamento-vera","status":"publish","type":"post","link":"https:\/\/infovera.com.ar\/web\/2021\/08\/04\/8-casos-positivos-de-covid-en-el-departamento-vera\/","title":{"rendered":"8 casos positivos de COVID en el Departamento Vera"},"content":{"rendered":"<p>La curva de contagios en el Departamento Vera muestra en el informe de este mi\u00e9rcoles, una baja en contagios de COVID &#8211; 19.<\/p>\n<p>&nbsp;<\/p>\n<p>VERA<br \/>\n<span style=\"color: #ff0000;\"><strong>Positivos nuevos 2<\/strong><\/span>. (Determinados por m\u00e9todo AG).<br \/>\nResultados Negativos 13. (Determinados: 8 por m\u00e9todo AG; 5 por PCR).<br \/>\nSospechosos 12. (A la espera de 4 resultados por PCR).<br \/>\nCasos positivos acumulados 1864.<br \/>\nTotal de Recuperados 1803. (En el d\u00eda de la fecha se otorgaron 6 altas).<br \/>\nFallecidos acumulados 39.<br \/>\nPositivos Activos 22.<br \/>\nInternados 0.<br \/>\nPersonas en aislamiento preventivo: 104.<\/p>\n<p>CALCHAQU\u00cd<br \/>\n<span style=\"color: #ff0000;\"><strong>Positivos nuevos 1<\/strong><\/span>. (Determinado por m\u00e9todo PCR).<br \/>\nResultados Negativos 18. (Determinados: 1 por m\u00e9todo AG; 17 por PCR).<br \/>\nSospechosos 18. (En sus domicilios; hisopados en el d\u00eda de la fecha, a la espera de los<br \/>\nresultados por PCR).<br \/>\nCasos positivos acumulados 1221.<br \/>\nTotal de Recuperados 1132. (En el d\u00eda de la fecha se otorgaron 8 altas).<br \/>\nFallecidos acumulados 38.<br \/>\nPositivos Activos 51.<br \/>\nInternados 9. (3 en el Samco local; 1 en el hospital de Vera; 2 en Reconquista; 2 en Santa Fe; 1<br \/>\nen Rafaela).<br \/>\nPersonas en aislamiento preventivo: 167.<\/p>\n<p>MARGARITA<br \/>\n<span style=\"color: #ff0000;\"><strong>Positivos nuevos 2.<\/strong><\/span> (Determinados por m\u00e9todo AG).<br \/>\nResultados Negativos 2. (Determinados por m\u00e9todo AG).<br \/>\nSospechosos 6. (En sus domicilios; hisopados en el d\u00eda de la fecha, a la espera de los resultados<br \/>\npor PCR).<br \/>\nCasos positivos acumulados 437.<br \/>\nTotal de Recuperados 395. (En el d\u00eda de la fecha se otorgaron 2 altas).<br \/>\nFallecidos acumulados 8.<br \/>\nPositivos Activos 34.<br \/>\nInternados 5. (2 en el hospital de Reconquista; 2 en el hospital de Vera; 1 en un<br \/>\nestablecimiento de salud de Santa Fe).<br \/>\nPersonas en aislamiento preventivo: 60.<\/p>\n<p>LA GALLARETA<br \/>\nResultados Negativos 1. (Determinado por m\u00e9todo AG).<br \/>\nSospechosos 9. (En sus domicilios; 1 hisopado en el d\u00eda de la fecha, a la espera de resultados<br \/>\npor PCR).<br \/>\nCasos positivos acumulados 148.<br \/>\nTotal de Recuperados 132. (En el d\u00eda de la fecha se otorgaron 2 altas).<br \/>\nFallecidos acumulados 2.<br \/>\nPositivos Activos 14.<br \/>\nInternados 2. (1 en un centro de salud de Santa Fe; 1 en el Samco local).<br \/>\nPersonas en aislamiento preventivo: 50. (Por tener contacto estrecho con un caso positivo y<br \/>\ncon un caso sospechoso).<\/p>\n<p>FORTIN OLMOS<br \/>\nSospechosos 5. (En sus domicilios; 3 hisopados en el d\u00eda de la fecha, a la espera de los<br \/>\nresultados por PCR).<br \/>\nCasos positivos acumulados 192.<br \/>\nTotal de Recuperados 178.<br \/>\nFallecidos acumulados 8.<br \/>\nPositivos Activos 6.<br \/>\nInternados 1. (En el hospital de Reconquista).<br \/>\nPersonas en aislamiento preventivo: 33. (Por tener contacto estrecho con un caso positivo y<br \/>\ncon un caso sospechoso).<\/p>\n<p>INTIYACO<br \/>\nCasos positivos acumulados 189.<br \/>\nTotal de Recuperados 186.<br \/>\nFallecidos acumulados 3.<br \/>\nPositivos Activos 0.<br \/>\nPersonas en aislamiento preventivo: 0.<\/p>\n<p>COLMENA<br \/>\nCasos positivos acumulados 9.<br \/>\nTotal de Recuperados 8.<br \/>\nPositivos Activos 1.<br \/>\nInternados 1. (En el hospital central de Reconquista).<br \/>\nPersonas en aislamiento preventivo: 0.<\/p>\n<p>GARABATO<br \/>\n<span style=\"color: #ff0000;\"><strong>Positivos nuevos 2.<\/strong><\/span><br \/>\nSospechosos 1.<br \/>\nCasos positivos acumulados 116.<br \/>\nTotal de Recuperados 105. (En el d\u00eda de la fecha se otorgaron 3 altas).<br \/>\nFallecidos acumulados 8.<br \/>\nPositivos Activos 3.<br \/>\nInternados 0.<br \/>\nPersonas en aislamiento preventivo: 7. (5 por tener contacto estrecho con un caso positivo; 2<br \/>\npor tener contacto estrecho con un caso sospechoso).<\/p>\n<p>TARTAGAL<br \/>\n<span style=\"color: #ff0000;\"><strong>Positivos nuevos 1<\/strong><\/span>. (Determinado por m\u00e9todo AG).<br \/>\nResultados Negativos 2. (Determinados por m\u00e9todo AG).<br \/>\nCasos positivos acumulados 125.<br \/>\nTotal de Recuperados 112.<br \/>\nFallecidos acumulados 6.<br \/>\nPositivos Activos 7.<br \/>\nInternados 2. (1 en el hospital central de Reconquista; 1 en el hospital de Tartagal).<br \/>\nPersonas en aislamiento preventivo: 62.<\/p>\n<p>TOBA<br \/>\nCasos positivos acumulados 68.<br \/>\nTotal de Recuperados 63. (En el d\u00eda de la fecha se otorgaron 2 altas).<br \/>\nFallecidos acumulados 1.<br \/>\nPositivos Activos 4. (En sus domicilios con buen estado de salud).<br \/>\nPersonas en aislamiento preventivo: 20. (Por tener contacto estrecho con un caso positivo).<\/p>\n<p>GOLONDRINA<br \/>\nCasos positivos acumulados 28.<br \/>\nTotal de Recuperados 28.<br \/>\nPersonas en aislamiento preventivo: 0.<\/p>\n<p>LOS AMORES<br \/>\nSospechosos 1.<br \/>\nCasos positivos acumulados 66.<br \/>\nTotal de Recuperados 64.<br \/>\nFallecidos acumulados 2.<br \/>\nPositivos Activos 0.<br \/>\nPersonas en aislamiento preventivo: 2.<\/p>\n<p>CA\u00d1ADA OMB\u00da<br \/>\nCasos positivos acumulados 18.<br \/>\nTotal de Recuperados 17.<br \/>\nFallecidos acumulados 1.<br \/>\nPositivos Activos 0.<br \/>\nPersonas en aislamiento preventivo: 0.<\/p>\n<p>LOS TABANOS<br \/>\nSospechosos 1.<br \/>\nCasos positivos acumulados 10.<br \/>\nTotal de Recuperados 8.<br \/>\nFallecidos acumulados 1.<br \/>\nPositivos Activos 1. (En su domicilio con buen estado de salud).<br \/>\nPersonas en aislamiento preventivo: 3. (Por tener contacto estrecho con un caso positivo).<\/p>\n<p>RESTO DE LAS LOCALIDADES DEL DEPARTAMENTO<br \/>\nSin Novedades.<\/p>\n","protected":false},"excerpt":{"rendered":"<p>La curva de contagios en el Departamento Vera muestra en el informe de este mi\u00e9rcoles, una baja en contagios de COVID &#8211; 19. &nbsp; VERA Positivos nuevos 2. (Determinados por m\u00e9todo AG). Resultados Negativos 13. (Determinados: 8 por m\u00e9todo AG; 5 por PCR). Sospechosos 12. (A la espera de 4 resultados por PCR). Casos positivos [&hellip;]<\/p>\n","protected":false},"author":2,"featured_media":0,"comment_status":"open","ping_status":"open","sticky":false,"template":"","format":"standard","meta":{"_joinchat":[],"footnotes":""},"categories":[51,37,36],"tags":[],"class_list":{"0":"post-24615","1":"post","2":"type-post","3":"status-publish","4":"format-standard","6":"category-locales","7":"category-salud","8":"category-sociedad"},"_links":{"self":[{"href":"https:\/\/infovera.com.ar\/web\/wp-json\/wp\/v2\/posts\/24615","targetHints":{"allow":["GET"]}}],"collection":[{"href":"https:\/\/infovera.com.ar\/web\/wp-json\/wp\/v2\/posts"}],"about":[{"href":"https:\/\/infovera.com.ar\/web\/wp-json\/wp\/v2\/types\/post"}],"author":[{"embeddable":true,"href":"https:\/\/infovera.com.ar\/web\/wp-json\/wp\/v2\/users\/2"}],"replies":[{"embeddable":true,"href":"https:\/\/infovera.com.ar\/web\/wp-json\/wp\/v2\/comments?post=24615"}],"version-history":[{"count":0,"href":"https:\/\/infovera.com.ar\/web\/wp-json\/wp\/v2\/posts\/24615\/revisions"}],"wp:attachment":[{"href":"https:\/\/infovera.com.ar\/web\/wp-json\/wp\/v2\/media?parent=24615"}],"wp:term":[{"taxonomy":"category","embeddable":true,"href":"https:\/\/infovera.com.ar\/web\/wp-json\/wp\/v2\/categories?post=24615"},{"taxonomy":"post_tag","embeddable":true,"href":"https:\/\/infovera.com.ar\/web\/wp-json\/wp\/v2\/tags?post=24615"}],"curies":[{"name":"wp","href":"https:\/\/api.w.org\/{rel}","templated":true}]}}