{"id":24558,"date":"2021-08-03T20:48:31","date_gmt":"2021-08-03T23:48:31","guid":{"rendered":"https:\/\/infovera.com.ar\/web\/?p=24558"},"modified":"2021-08-06T10:59:03","modified_gmt":"2021-08-06T13:59:03","slug":"la-justicia-rechazo-devolver-una-yegua-y-una-mula-a-una-mujer-que-las-maltrataba","status":"publish","type":"post","link":"https:\/\/infovera.com.ar\/web\/2021\/08\/03\/la-justicia-rechazo-devolver-una-yegua-y-una-mula-a-una-mujer-que-las-maltrataba\/","title":{"rendered":"La Justicia rechaz\u00f3 devolver una yegua y una mula a una mujer que las maltrataba"},"content":{"rendered":"<p><strong>El fallo del juez penal Gustavo Gon se conoci\u00f3 hoy. El magistrado resolvi\u00f3 no restituir los animales a su propietaria imputada por malos tratos. Invoc\u00f3 que la jurisprudencia actual considera a los animales &#8220;seres sintientes&#8221;.<\/strong><\/p>\n<p>El juez Gustavo Gon rechaz\u00f3 el pedido de devoluci\u00f3n de los semovientes solicitados por Mar\u00eda del Carmen Maidana, que fueran secuestrados por el Ministerio P\u00fablico de la Acusaci\u00f3n ra\u00edz de denuncias por malos tratos efectuadas por una vecina, que refiri\u00f3 que &#8220;uno de los animales se cay\u00f3 y se pusieron a pegarle, que los vecinos le gritaron para que deje de pegarles y llamaron a la polic\u00eda&#8221;.<\/p>\n<p>En el fallo, el magistrado indic\u00f3 que Maidana reclam\u00f3 la devoluci\u00f3n de la yegua y la mula secuestradas, manifestando que eran necesarias para su actividad. Y sostuvo que conforme el informe realizado por el MPA se dio cuenta del mal estado de los animales, con desnutrici\u00f3n marcada y ning\u00fan tipo de cuidado sanitario o m\u00e9dico, lo que fue constatado por una m\u00e9dica veterinaria.<\/p>\n<p>Recogi\u00f3 en su resoluci\u00f3n que la profesional afirm\u00f3 que las mismas no deber\u00edan seguir en el dominio de su actual propietario ya que &#8220;no cumple con lo m\u00ednimo e indispensable para generar una calidad de vida acorde a lo establecido en materia de bienestar animal a nivel nacional&#8221; y por tal motivo existe un compromiso de vida en tal situaci\u00f3n.<\/p>\n<p>El Dr. Gon cit\u00f3 a continuaci\u00f3n que, ante la evidencia colectada y en resguardo de los animales afectados, en su momento se dispuso el secuestro y entrega de a personal de Los Pumas, en car\u00e1cter de depositario, para su cuidado.<\/p>\n<p>Luego, destac\u00f3 que que &#8220;la jurisprudencia ha logrado captar con mayor premura la solicitud de la sociedad y ha ido, a trav\u00e9s de distintos pronunciamientos, otorgado a ciertos animales el car\u00e1cter de &#8216;sujeto no humano o ser sintiente&#8217; en tanto merecen una protecci\u00f3n especial&#8221;.<\/p>\n<p>En este sentido, el juez entendi\u00f3 que &#8220;le asiste raz\u00f3n&#8221; al fiscal en oponerse a la devoluci\u00f3n ya que &#8220;ha quedado debidamente evidenciado el mal uso y maltrato de los mismos&#8221;, y dijo que &#8220;de ninguna manera la negativa de restituci\u00f3n afecta el derecho amparado por normas de tratados internacionales incorporados a nuestra Constituci\u00f3n&#8221;, ni mucho menos el derecho a trabajar.<\/p>\n<p><strong>El caso<\/strong><\/p>\n<p>Mar\u00eda del Carmen Maidana, mediante su abogado defensor, hab\u00eda solicitado a restituci\u00f3n de una yegua color zaina, de unos 15 a\u00f1os a la que le falta un ojo, y de una mula blanca de 10 a\u00f1os aproximadamente, que fueran secuestrados por personal policial. Como la propietaria expuso que no recib\u00eda respuesta a su pedido de parte del MPA, se fij\u00f3 la audiencia en cuesti\u00f3n.<\/p>\n<p>En la misma, el fiscal del caso se opuso al pedido de la defensa haciendo constar que &#8220;se ha dado una vertiginosa modificaci\u00f3n de la naturaleza jur\u00eddica de los animales como personas no humanas. Que son entes susceptibles de adquirir derechos. En el ordenamiento jur\u00eddico los animales siguen dentro del concepto de cosas, pero la jurisprudencia considera sujetos sintientes. No puede dejarse de observar que estamos ante animales y no son solo cosas&#8221;.<\/p>\n","protected":false},"excerpt":{"rendered":"<p>El fallo del juez penal Gustavo Gon se conoci\u00f3 hoy. El magistrado resolvi\u00f3 no restituir los animales a su propietaria imputada por malos tratos. Invoc\u00f3 que la jurisprudencia actual considera a los animales &#8220;seres sintientes&#8221;. El juez Gustavo Gon rechaz\u00f3 el pedido de devoluci\u00f3n de los semovientes solicitados por Mar\u00eda del Carmen Maidana, que fueran [&hellip;]<\/p>\n","protected":false},"author":3,"featured_media":0,"comment_status":"open","ping_status":"open","sticky":false,"template":"","format":"standard","meta":{"_joinchat":[],"footnotes":""},"categories":[30,53],"tags":[],"class_list":{"0":"post-24558","1":"post","2":"type-post","3":"status-publish","4":"format-standard","6":"category-policiales","7":"category-vera"},"_links":{"self":[{"href":"https:\/\/infovera.com.ar\/web\/wp-json\/wp\/v2\/posts\/24558","targetHints":{"allow":["GET"]}}],"collection":[{"href":"https:\/\/infovera.com.ar\/web\/wp-json\/wp\/v2\/posts"}],"about":[{"href":"https:\/\/infovera.com.ar\/web\/wp-json\/wp\/v2\/types\/post"}],"author":[{"embeddable":true,"href":"https:\/\/infovera.com.ar\/web\/wp-json\/wp\/v2\/users\/3"}],"replies":[{"embeddable":true,"href":"https:\/\/infovera.com.ar\/web\/wp-json\/wp\/v2\/comments?post=24558"}],"version-history":[{"count":0,"href":"https:\/\/infovera.com.ar\/web\/wp-json\/wp\/v2\/posts\/24558\/revisions"}],"wp:attachment":[{"href":"https:\/\/infovera.com.ar\/web\/wp-json\/wp\/v2\/media?parent=24558"}],"wp:term":[{"taxonomy":"category","embeddable":true,"href":"https:\/\/infovera.com.ar\/web\/wp-json\/wp\/v2\/categories?post=24558"},{"taxonomy":"post_tag","embeddable":true,"href":"https:\/\/infovera.com.ar\/web\/wp-json\/wp\/v2\/tags?post=24558"}],"curies":[{"name":"wp","href":"https:\/\/api.w.org\/{rel}","templated":true}]}}