{"id":24554,"date":"2021-08-03T12:16:12","date_gmt":"2021-08-03T15:16:12","guid":{"rendered":"https:\/\/infovera.com.ar\/web\/?p=24554"},"modified":"2021-08-03T12:16:12","modified_gmt":"2021-08-03T15:16:12","slug":"se-presento-la-lista-la-santa-fe-que-queremos-en-rosario","status":"publish","type":"post","link":"https:\/\/infovera.com.ar\/web\/2021\/08\/03\/se-presento-la-lista-la-santa-fe-que-queremos-en-rosario\/","title":{"rendered":"Se present\u00f3 la lista &#8220;La Santa Fe que queremos&#8221; en Rosario"},"content":{"rendered":"<p><strong>Frente al Monumento Nacional a la Bandera de Rosario, se present\u00f3 la lista \u201cLa Santa Fe que queremos\u201d, encabezada por Agust\u00edn Rossi y Alejandra Rodenas como candidato y candidata al Senado nacional, acompa\u00f1ados por Eduardo Toniolli y Mar\u00eda Luz Rioja como postulantes a integrar la C\u00e1mara baja. \u201cQueremos defender Santa Fe de la mejor manera y para eso hay que construir puentes de di\u00e1logo\u201d, afirm\u00f3 Rossi de cara a las PASO provinciales dentro del Frente de Todos.\u00a0<\/strong><\/p>\n<p>A continuaci\u00f3n, el precandidato a senador nacional enumer\u00f3 los principales problemas que tienen los santafesinos y las santafesinas y sostuvo que se necesita de la colaboraci\u00f3n de todos para resolverlos. \u201cPor eso con Alejandra queremos construir ese puente, que nos permita que ese sentimiento de cooperaci\u00f3n entre Naci\u00f3n y Provincia se pueda expresar de manera clara y contundente y alejarnos de cualquier idea de que vamos a ser una provincia que mire desde el ombligo. Cada vez que eso sucedi\u00f3 la provincia se aplac\u00f3, no resolvi\u00f3 los problemas que puede y debe resolver\u201d, destac\u00f3.<\/p>\n<p>\u201cO quiz\u00e1s alguien cree que podremos resolver los problemas de seguridad sin el acuerdo o la potenciaci\u00f3n de las agencias de seguridad nacional y las agencias provinciales. O esta Hidrov\u00eda que est\u00e1 en debate se podr\u00e1 resolver sin articulaci\u00f3n de Naci\u00f3n y Provincia. Entonces, el camino que estamos ofreciendo a todos los santafesinos es el camino de defender esta Santa Fe de la mejor manera posible, y esa manera no es cavando trincheras sino construyendo puentes de di\u00e1logo\u201d, enfatiz\u00f3.<\/p>\n<p>&#8220;Las conductas, las historias, sirven para saber hacia d\u00f3nde se va. Tomen cualquier punto de mi historia. Cualquiera. Tracen una recta y van a saber d\u00f3nde estuve, d\u00f3nde estoy y d\u00f3nde voy a estar&#8221;, dijo en el mediod\u00eda de este lunes Agust\u00edn Rossi en la zona donde se encuentra emplazada la figura del General Manuel Belgrano, frente al Monumento Nacional a la Bandera. Esa figura, la de Belgrano, creada por los obreros de Tandanor, el astillero que recuper\u00f3 el Ministerio de Defensa comandado por Rossi, acompa\u00f1\u00f3 la presentaci\u00f3n de la lista \u201cLa Santa Fe que Queremos\u201d, que lleva al propio ex funcionario y a la vicegobernadora Alejandra Rodenas como candidato y candidata a ocupar sendas bancas en la C\u00e1mara de Senadores de la Naci\u00f3n.<\/p>\n<p>En otro tramo de su discurso, Rossi reconoci\u00f3 la singularidad de Santa Fe, la diversidad productiva que tiene, sus cordones industriales en Villa Constituci\u00f3n, en Rosario, en San Lorenzo, Santa Fe, Reconquista, Rafaela y Venado Tuerto. \u201cSu sector agropecuario que tiene la singularidad de ser un sector cuya unidades productivas son de mediana y baja cantidad de hect\u00e1reas, lo que hace que en el sur haya muchos actores involucrados en la industria, su agroindustria que es reconocida en todo el pa\u00eds, que incorpora tecnolog\u00eda de punta. Sus universidades p\u00fablicas y privadas. Por eso vamos a retomar con Alejandra el proyecto de la Universidad Nacional Agraria en Venado Tuerto y hacer una Universidad Nacional en Reconquista, para que as\u00ed las cinco ciudades m\u00e1s importantes tengan sus universidades nacionales\u201d.<\/p>\n<p>\u201cQueremos ir al Senado para evitar otra cosa. En 2017 cuando fuimos candidatos quer\u00edamos ponerle freno al macrismo. Dimos la batalla que ten\u00edamos que dar y logramos resultados. Tenemos una oposici\u00f3n que lo \u00fanico que hace es poner palos en la rueda: fueron anticuarentena, fueron antivacunas, despu\u00e9s dijeron que algunas vacunas no quer\u00edan, cuando faltaron vacunas, como en todo el mundo, que quer\u00edan m\u00e1s vacunas. Cuando uno se pregunta por qu\u00e9 la oposici\u00f3n tiene la cr\u00edtica y la descalificaci\u00f3n, es porque los opositores eran oficialistas hasta hace un a\u00f1o y medio, y no pudieron solucionar nada. Cu\u00e1ndo nos van a explicar a los argentinos por qu\u00e9 hicieron tanto da\u00f1o en tan poco tiempo. Como eso no lo pueden explicar, la \u00fanica alternativa que tienen es descalificar a Alberto y a Cristina. No hay salida volviendo para atr\u00e1s. El Cambiemos de hoy representa el pasado, y el pasado es Macri\u201d.<\/p>\n<p>A su turno,\u00a0Rodenas\u00a0indic\u00f3 \u201cSoy la vicegobernadora de la provincia, en uso de licencia\u201d, sostuvo Alejandra Rodenas. \u201cHace tiempo que no me comunico demasiado con los medios. Eso tiene un sentido. Llev\u00e9 adelante un arduo trabajo dentro del Senado, que tuvo que ver con que apenas a dos meses de asumida la gesti\u00f3n se cre\u00f3 un comit\u00e9 de crisis, que tuvo un enlace con los 19 departamentos de la provincia. Territorios diversos, de diversas miradas, texturas, necesidades, se vieron interpelados por una pandemia que atraves\u00f3 al mundo, a nuestro pa\u00eds, y a nuestra provincia\u201d. Seguidamente, record\u00f3 que fue atendiendo cada uno de los departamentos. \u201cNinguno qued\u00f3 sin ser escuchado. Estoy muy contenta de estar aqu\u00ed. Porque estoy convencida de que las internas, las PASO, han puesto siempre en valor esa diversidad, esa agenda de la diversidad de nuestros 19 departamentos\u201d.<\/p>\n<p>Por \u00faltimo destac\u00f3 la labor que se hizo desde el Senado en plena pandemia: \u201cLogramos que se discutieran en la Legislatura leyes important\u00edsimas, que le dieron al gobierno provincial las leyes que necesitaba para tener recursos. Tambi\u00e9n tenemos la Ley de Paridad. Parec\u00eda imposible, pero lo conseguimos. Lo logr\u00f3 el movimiento de mujeres, que es preexistente a todos nosotras y nosotros: lo que hicimos fue acompa\u00f1arlo\u201d.<\/p>\n<p>Por su parte, Toniolli sostuvo que el objetivo de ocupar las bancas en la Legislatura nacional es defender el gobierno de Alberto y Cristina: \u201cPorque despu\u00e9s de la pandemia neoliberal, le toc\u00f3 enfrentar el Covid. Y se propuso cuidar a quienes m\u00e1s lo necesitan. Cuidar la producci\u00f3n, el trabajo\u201d. Tambi\u00e9n destac\u00f3 el ataque que sufre el gobierno nacional ejemplificando con una tapa de diario en la que se sosten\u00eda que este a\u00f1o quedar\u00eda sin vacunar la poblaci\u00f3n de entre 18 y 60 a\u00f1os sin enfermedades. \u201cTengo 44 a\u00f1os y en un rato me voy a colocar la segunda dosis de Sinopharm. Lo que queremos es defenderlo de una oposici\u00f3n irracional que s\u00f3lo busca desgastar al gobierno\u201d, agreg\u00f3.<\/p>\n<p>Y reflexion\u00f3: \u201cCuando empez\u00f3 la pandemia se dec\u00eda \u00abde esto vamos a salir mejores\u00bb. Uno vio algunas actitudes y uno empieza a dudar de eso. Porque hay intereses, porque se juegan otras cosas. Vamos a salir mejores si nuestro pueblo se lo propone y si hay un gobierno que acompa\u00f1a la decisi\u00f3n de nuestro pueblo\u201d.<\/p>\n<p>\u201cVamos a salir mejores si el gobierno de Alberto y Cristina logran imponerse\u201d, asever\u00f3 y de inmediato destac\u00f3: \u201cLa pol\u00edtica es la mejor herramienta que tenemos para darnos esa tarea. Soy parte de una generaci\u00f3n que se sum\u00f3 a militar luego de la dictadura, y luego del neoliberalismo de la d\u00e9cada del 90. Nos sumamos cuando un Flaco vino del Sur y nos propuso un sue\u00f1o. En ese camino seguimos\u201d.<\/p>\n<p>En tanto, Rioja record\u00f3 que hace poco m\u00e1s de una d\u00e9cada, apenas un mes despu\u00e9s de la muerte de N\u00e9stor Kirchner, en la ciudad de Santa Fe organizaron un encuentro de j\u00f3venes. \u201cFuimos m\u00e1s de 3 mil, organiz\u00e1ndonos. Meses despu\u00e9s, sobre aquella base del que \u00abflorezcan mil flores\u00bb, Agust\u00edn nos propuso armar una lista completamente de j\u00f3venes. Fue un ejemplo para el pa\u00eds y la regi\u00f3n, la primera lista sub 35\u201d, detall\u00f3 la candidata a diputada nacional.<\/p>\n<p>\u201cRecorrimos los 19 departamentos cont\u00e1ndoles nuestras propuestas, las de J\u00f3venes para la Victoria, una lista que encabezaban Leandro Busatto y el &#8220;Edu&#8221; Toniolli. Recorrimos la provincia levantando las banderas de la juventud, de lo que se iba a venir, j\u00f3venes y mujeres en el centro de la escena pol\u00edtica, con una agenda constructiva, propositiva, con perspectiva de g\u00e9nero. Y ac\u00e1 estamos. Ac\u00e1 est\u00e1 el Chivo, siempre en el mismo lugar, pensando siempre en dejar un mejor pa\u00eds para nuestros hijos\u201d, finaliz\u00f3.<\/p>\n<p>De cara a las pr\u00f3ximas PASO en la provincia de Santa Fe, esta propuesta lleva adem\u00e1s a Leandro Busatto y Lucila De Ponti como suplentes en la boleta de la categor\u00eda Senadores.<\/p>\n<p>En tanto, en la de Diputados Nacionales, la lista est\u00e1 integrada por Eduardo Toniolli, Mar\u00eda Luz Rioja, Oscar \u201cCachi\u201d Mart\u00ednez, Patricia Mounier, Juan Andr\u00e9s Gonz\u00e1lez Utges, Mar\u00eda Cristina G\u00f3mez, Adri\u00e1n Scozzina, Melisa Giancrisostomo y Eduardo Baucero. Como suplentes figuran Gina Chiavarino, Isidro Llonch, Claudio Gaineddu, Noelia G\u00f3mez, Stella Maris Clerici y Carlos B\u00e1ez.<\/p>\n","protected":false},"excerpt":{"rendered":"<p>Frente al Monumento Nacional a la Bandera de Rosario, se present\u00f3 la lista \u201cLa Santa Fe que queremos\u201d, encabezada por Agust\u00edn Rossi y Alejandra Rodenas como candidato y candidata al Senado nacional, acompa\u00f1ados por Eduardo Toniolli y Mar\u00eda Luz Rioja como postulantes a integrar la C\u00e1mara baja. \u201cQueremos defender Santa Fe de la mejor manera [&hellip;]<\/p>\n","protected":false},"author":3,"featured_media":24556,"comment_status":"open","ping_status":"open","sticky":false,"template":"","format":"standard","meta":{"_joinchat":[],"footnotes":""},"categories":[66],"tags":[],"class_list":{"0":"post-24554","1":"post","2":"type-post","3":"status-publish","4":"format-standard","5":"has-post-thumbnail","7":"category-politica"},"_links":{"self":[{"href":"https:\/\/infovera.com.ar\/web\/wp-json\/wp\/v2\/posts\/24554","targetHints":{"allow":["GET"]}}],"collection":[{"href":"https:\/\/infovera.com.ar\/web\/wp-json\/wp\/v2\/posts"}],"about":[{"href":"https:\/\/infovera.com.ar\/web\/wp-json\/wp\/v2\/types\/post"}],"author":[{"embeddable":true,"href":"https:\/\/infovera.com.ar\/web\/wp-json\/wp\/v2\/users\/3"}],"replies":[{"embeddable":true,"href":"https:\/\/infovera.com.ar\/web\/wp-json\/wp\/v2\/comments?post=24554"}],"version-history":[{"count":0,"href":"https:\/\/infovera.com.ar\/web\/wp-json\/wp\/v2\/posts\/24554\/revisions"}],"wp:featuredmedia":[{"embeddable":true,"href":"https:\/\/infovera.com.ar\/web\/wp-json\/wp\/v2\/media\/24556"}],"wp:attachment":[{"href":"https:\/\/infovera.com.ar\/web\/wp-json\/wp\/v2\/media?parent=24554"}],"wp:term":[{"taxonomy":"category","embeddable":true,"href":"https:\/\/infovera.com.ar\/web\/wp-json\/wp\/v2\/categories?post=24554"},{"taxonomy":"post_tag","embeddable":true,"href":"https:\/\/infovera.com.ar\/web\/wp-json\/wp\/v2\/tags?post=24554"}],"curies":[{"name":"wp","href":"https:\/\/api.w.org\/{rel}","templated":true}]}}