{"id":24545,"date":"2021-08-03T12:04:43","date_gmt":"2021-08-03T15:04:43","guid":{"rendered":"https:\/\/infovera.com.ar\/web\/?p=24545"},"modified":"2021-08-04T10:03:01","modified_gmt":"2021-08-04T13:03:01","slug":"comenzo-la-vacunacion-de-adolescentes-en-calchaqui","status":"publish","type":"post","link":"https:\/\/infovera.com.ar\/web\/2021\/08\/03\/comenzo-la-vacunacion-de-adolescentes-en-calchaqui\/","title":{"rendered":"Comenz\u00f3 la vacunaci\u00f3n de adolescentes en Calchaqu\u00ed"},"content":{"rendered":"<p><strong>La poblaci\u00f3n de 12 a 17 a\u00f1os, priorizada seg\u00fan condiciones de riesgo, est\u00e1 recibiendo la primera dosis de la vacuna contra el Covid en el Hospital &#8220;Ricardo Aldao&#8221; de Calchaqu\u00ed.<\/strong><\/p>\n","protected":false},"excerpt":{"rendered":"<p>La poblaci\u00f3n de 12 a 17 a\u00f1os, priorizada seg\u00fan condiciones de riesgo, est\u00e1 recibiendo la primera dosis de la vacuna contra el Covid en el Hospital &#8220;Ricardo Aldao&#8221; de Calchaqu\u00ed.<\/p>\n","protected":false},"author":3,"featured_media":24549,"comment_status":"open","ping_status":"open","sticky":false,"template":"","format":"standard","meta":{"_joinchat":[],"footnotes":""},"categories":[52],"tags":[],"class_list":{"0":"post-24545","1":"post","2":"type-post","3":"status-publish","4":"format-standard","5":"has-post-thumbnail","7":"category-calchaqui"},"_links":{"self":[{"href":"https:\/\/infovera.com.ar\/web\/wp-json\/wp\/v2\/posts\/24545","targetHints":{"allow":["GET"]}}],"collection":[{"href":"https:\/\/infovera.com.ar\/web\/wp-json\/wp\/v2\/posts"}],"about":[{"href":"https:\/\/infovera.com.ar\/web\/wp-json\/wp\/v2\/types\/post"}],"author":[{"embeddable":true,"href":"https:\/\/infovera.com.ar\/web\/wp-json\/wp\/v2\/users\/3"}],"replies":[{"embeddable":true,"href":"https:\/\/infovera.com.ar\/web\/wp-json\/wp\/v2\/comments?post=24545"}],"version-history":[{"count":0,"href":"https:\/\/infovera.com.ar\/web\/wp-json\/wp\/v2\/posts\/24545\/revisions"}],"wp:featuredmedia":[{"embeddable":true,"href":"https:\/\/infovera.com.ar\/web\/wp-json\/wp\/v2\/media\/24549"}],"wp:attachment":[{"href":"https:\/\/infovera.com.ar\/web\/wp-json\/wp\/v2\/media?parent=24545"}],"wp:term":[{"taxonomy":"category","embeddable":true,"href":"https:\/\/infovera.com.ar\/web\/wp-json\/wp\/v2\/categories?post=24545"},{"taxonomy":"post_tag","embeddable":true,"href":"https:\/\/infovera.com.ar\/web\/wp-json\/wp\/v2\/tags?post=24545"}],"curies":[{"name":"wp","href":"https:\/\/api.w.org\/{rel}","templated":true}]}}