{"id":24527,"date":"2021-08-03T08:31:24","date_gmt":"2021-08-03T11:31:24","guid":{"rendered":"https:\/\/infovera.com.ar\/web\/?p=24527"},"modified":"2021-08-03T08:31:24","modified_gmt":"2021-08-03T11:31:24","slug":"10-anos-de-prision-para-un-hombre-que-abuso-de-su-hijastra","status":"publish","type":"post","link":"https:\/\/infovera.com.ar\/web\/2021\/08\/03\/10-anos-de-prision-para-un-hombre-que-abuso-de-su-hijastra\/","title":{"rendered":"10 a\u00f1os de prisi\u00f3n para un hombre que abus\u00f3 de su hijastra"},"content":{"rendered":"<p><strong>Se trata de Jorge Mario Mart\u00ednez, quien tiene 50 a\u00f1os y perpetr\u00f3 los il\u00edcitos en Reconquista y en la localidad chaque\u00f1a de Santa Sylvina. La pena fue impuesta por los jueces Mart\u00edn Gauna Chapero, Norma Senn y Gustavo Gon en el marco de un juicio en el que se abreviaron los procedimientos. El fiscal que investig\u00f3 lo ocurrido es Aldo Gerosa.<\/strong><\/p>\n<p>Un hombre de 50 a\u00f1os identificado como Jorge Mario Mart\u00ednez fue condenado a 10 a\u00f1os de prisi\u00f3n por haber cometido delitos contra la integridad sexual de la hija menor de edad de una mujer que era su pareja. Los il\u00edcitos sucedieron en Reconquista y en la localidad chaque\u00f1a de Santa Sylvina.<\/p>\n<p>La sentencia fue dispuesta por un tribunal pluripersonal integrado por los jueces Mart\u00edn Gauna Chapero, Norma Senn y Gustavo Gon, en un juicio en el que se abreviaron los procedimientos que se desarroll\u00f3 en los tribunales reconquistenses. El fiscal que estuvo a cargo de la investigaci\u00f3n es Aldo Gerosa.<\/p>\n<p>&nbsp;<\/p>\n<p>Abusos<\/p>\n<p>El funcionario del MPA indic\u00f3 que \u201cel condenado abus\u00f3 sexualmente de la ni\u00f1a mientras ella cursaba la escuela primaria\u201d. Precis\u00f3 que \u201clos ataques ocurrieron entre 2016 y 2018, a\u00f1os en los que el grupo familiar convivi\u00f3 primero en Santa Sylvina y luego en Reconquista\u201d.<\/p>\n<p>\u201cMart\u00ednez oblig\u00f3 a la hija de su pareja a realizar pr\u00e1cticas sexuales, le mostr\u00f3 videos pornogr\u00e1ficos y la hostig\u00f3 psicol\u00f3gicamente para que acatara sus \u00f3rdenes\u201d, relat\u00f3 Gerosa. \u201cAdem\u00e1s, sol\u00eda amenazarla y hacerle regalos a fin de que ella no hablara con otras personas sobre sus padecimientos\u201d, plante\u00f3.<\/p>\n<p>Por otra parte, el fiscal subray\u00f3 que \u201clos hechos il\u00edcitos tuvieron entidad suficiente para interrumpir el libre y progresivo crecimiento sexual de la ni\u00f1a\u201d. En tal sentido, se\u00f1al\u00f3 que \u201cMart\u00ednez reconoci\u00f3 que perpetr\u00f3 los delitos con conciencia de que pod\u00eda ocasionar un grave da\u00f1o a la salud de la v\u00edctima\u201d.<\/p>\n<p>&nbsp;<\/p>\n<p>Ex\u00e1menes gen\u00e9ticos<\/p>\n<p>El fiscal inform\u00f3 que \u201cMart\u00ednez fue condenado como autor de abuso sexual con acceso carnal y de promoci\u00f3n de la corrupci\u00f3n de menores, ambos delitos agravados (por la convivencia)\u201d.<\/p>\n<p>\u201cDada la calificaci\u00f3n penal de los il\u00edcitos, el tribunal orden\u00f3 que se realicen los ex\u00e1menes gen\u00e9ticos correspondientes para la inscripci\u00f3n del hombre de 50 a\u00f1os en el Registro Nacional de Datos Gen\u00e9ticos vinculados a Delitos contra la Integridad Sexual\u201d, destac\u00f3 Gerosa.<\/p>\n<p>Asimismo, inform\u00f3 que \u201cla Defensa acept\u00f3 la atribuci\u00f3n delictiva, el monto y el modo de ejecuci\u00f3n de la pena impuesta y el procedimiento abreviado elegido para llevar a cabo el juicio\u201d. Agreg\u00f3 que \u201ca su vez, tanto la madre como el padre de la ni\u00f1a que sufri\u00f3 los abusos expresaron estar de acuerdo con lo resuelto\u201d.<\/p>\n","protected":false},"excerpt":{"rendered":"<p>Se trata de Jorge Mario Mart\u00ednez, quien tiene 50 a\u00f1os y perpetr\u00f3 los il\u00edcitos en Reconquista y en la localidad chaque\u00f1a de Santa Sylvina. La pena fue impuesta por los jueces Mart\u00edn Gauna Chapero, Norma Senn y Gustavo Gon en el marco de un juicio en el que se abreviaron los procedimientos. El fiscal que [&hellip;]<\/p>\n","protected":false},"author":3,"featured_media":0,"comment_status":"open","ping_status":"open","sticky":false,"template":"","format":"standard","meta":{"_joinchat":[],"footnotes":""},"categories":[55],"tags":[],"class_list":{"0":"post-24527","1":"post","2":"type-post","3":"status-publish","4":"format-standard","6":"category-reconquista"},"_links":{"self":[{"href":"https:\/\/infovera.com.ar\/web\/wp-json\/wp\/v2\/posts\/24527","targetHints":{"allow":["GET"]}}],"collection":[{"href":"https:\/\/infovera.com.ar\/web\/wp-json\/wp\/v2\/posts"}],"about":[{"href":"https:\/\/infovera.com.ar\/web\/wp-json\/wp\/v2\/types\/post"}],"author":[{"embeddable":true,"href":"https:\/\/infovera.com.ar\/web\/wp-json\/wp\/v2\/users\/3"}],"replies":[{"embeddable":true,"href":"https:\/\/infovera.com.ar\/web\/wp-json\/wp\/v2\/comments?post=24527"}],"version-history":[{"count":0,"href":"https:\/\/infovera.com.ar\/web\/wp-json\/wp\/v2\/posts\/24527\/revisions"}],"wp:attachment":[{"href":"https:\/\/infovera.com.ar\/web\/wp-json\/wp\/v2\/media?parent=24527"}],"wp:term":[{"taxonomy":"category","embeddable":true,"href":"https:\/\/infovera.com.ar\/web\/wp-json\/wp\/v2\/categories?post=24527"},{"taxonomy":"post_tag","embeddable":true,"href":"https:\/\/infovera.com.ar\/web\/wp-json\/wp\/v2\/tags?post=24527"}],"curies":[{"name":"wp","href":"https:\/\/api.w.org\/{rel}","templated":true}]}}