{"id":24493,"date":"2021-08-02T16:48:35","date_gmt":"2021-08-02T19:48:35","guid":{"rendered":"https:\/\/infovera.com.ar\/web\/?p=24493"},"modified":"2021-08-03T20:57:35","modified_gmt":"2021-08-03T23:57:35","slug":"la-lista-preparados-para-santa-fe-se-presento-en-vera","status":"publish","type":"post","link":"https:\/\/infovera.com.ar\/web\/2021\/08\/02\/la-lista-preparados-para-santa-fe-se-presento-en-vera\/","title":{"rendered":"La lista &#8220;Preparados para Santa Fe&#8221; se present\u00f3 en Vera"},"content":{"rendered":"<p><strong>En su paso por la ciudad, el Diputado Provincial y Precandidato a Senador Nacional, Rub\u00e9n Giustiniani, realiz\u00f3 una conferencia de prensa, presentando su lista a los medios verenses.<\/strong><\/p>\n<p>El Legislador estuvo acompa\u00f1ado por el Precandidato a Diputado Nacional Fabi\u00e1n Oliver y por Mar\u00eda Eugenia Schmuck, compa\u00f1era de f\u00f3rmula de Giustiniani para la Senadur\u00eda.<\/p>\n<p>Giustiniani expres\u00f3 \u201cConcebimos una campa\u00f1a electoral de di\u00e1logo con los santafesinos, de mucha escucha, para llevar precisamente las necesidades de nuestra provincia al Senado y a la C\u00e1mara de Diputados de la naci\u00f3n.<\/p>\n<p>No nos gustan las peleas, nos gusta el consenso, el di\u00e1logo. Desde mi bloque minoritario logr\u00e9 que se aprobara la ley del 82% m\u00f3vil para los jubilados, que lamentablemente veto la presidenta en ese momento, tambi\u00e9n logramos m\u00e1s de 50 millones de pesos para Santa Fe en el marco de la sequ\u00eda del 2005, por eso estoy convencido que est\u00e1 fuerza, que es el Frente Amplio Progresista, va a tener el peso suficiente para buscar un consenso que permita que Santa Fe tenga lo que por derecho propio se merece.<\/p>\n<p>Nosotros vemos en esta recorridas y hablando con la gente la necesidad de concurrir masivamente el 12 de septiembre a votar, porque aprendi\u00f3 precisamente, en estas tres d\u00e9cadas y media Democracia, que es el m\u00e9todo donde se hace escuchar para premiar, o algunas veces para castigar con el voto, y esa es la voluntad popular que se expresa cada dos a\u00f1os\u201d.<\/p>\n","protected":false},"excerpt":{"rendered":"<p>En su paso por la ciudad, el Diputado Provincial y Precandidato a Senador Nacional, Rub\u00e9n Giustiniani, realiz\u00f3 una conferencia de prensa, presentando su lista a los medios verenses. El Legislador estuvo acompa\u00f1ado por el Precandidato a Diputado Nacional Fabi\u00e1n Oliver y por Mar\u00eda Eugenia Schmuck, compa\u00f1era de f\u00f3rmula de Giustiniani para la Senadur\u00eda. Giustiniani expres\u00f3 [&hellip;]<\/p>\n","protected":false},"author":2,"featured_media":24495,"comment_status":"open","ping_status":"open","sticky":false,"template":"","format":"standard","meta":{"_joinchat":[],"footnotes":""},"categories":[66],"tags":[],"class_list":{"0":"post-24493","1":"post","2":"type-post","3":"status-publish","4":"format-standard","5":"has-post-thumbnail","7":"category-politica"},"_links":{"self":[{"href":"https:\/\/infovera.com.ar\/web\/wp-json\/wp\/v2\/posts\/24493","targetHints":{"allow":["GET"]}}],"collection":[{"href":"https:\/\/infovera.com.ar\/web\/wp-json\/wp\/v2\/posts"}],"about":[{"href":"https:\/\/infovera.com.ar\/web\/wp-json\/wp\/v2\/types\/post"}],"author":[{"embeddable":true,"href":"https:\/\/infovera.com.ar\/web\/wp-json\/wp\/v2\/users\/2"}],"replies":[{"embeddable":true,"href":"https:\/\/infovera.com.ar\/web\/wp-json\/wp\/v2\/comments?post=24493"}],"version-history":[{"count":0,"href":"https:\/\/infovera.com.ar\/web\/wp-json\/wp\/v2\/posts\/24493\/revisions"}],"wp:featuredmedia":[{"embeddable":true,"href":"https:\/\/infovera.com.ar\/web\/wp-json\/wp\/v2\/media\/24495"}],"wp:attachment":[{"href":"https:\/\/infovera.com.ar\/web\/wp-json\/wp\/v2\/media?parent=24493"}],"wp:term":[{"taxonomy":"category","embeddable":true,"href":"https:\/\/infovera.com.ar\/web\/wp-json\/wp\/v2\/categories?post=24493"},{"taxonomy":"post_tag","embeddable":true,"href":"https:\/\/infovera.com.ar\/web\/wp-json\/wp\/v2\/tags?post=24493"}],"curies":[{"name":"wp","href":"https:\/\/api.w.org\/{rel}","templated":true}]}}