{"id":24484,"date":"2021-08-02T09:06:58","date_gmt":"2021-08-02T12:06:58","guid":{"rendered":"https:\/\/infovera.com.ar\/web\/?p=24484"},"modified":"2021-08-02T09:06:58","modified_gmt":"2021-08-02T12:06:58","slug":"intenso-inicio-de-campana-en-el-peronismo","status":"publish","type":"post","link":"https:\/\/infovera.com.ar\/web\/2021\/08\/02\/intenso-inicio-de-campana-en-el-peronismo\/","title":{"rendered":"Intenso inicio de campa\u00f1a en el peronismo"},"content":{"rendered":"<p><strong>Por Dar\u00edo H. Schueri.<\/strong><\/p>\n<p>Las PASO 2021, decantadoras de las candidaturas gubernamentales del 2023, arrancaron con un fuerte cruce pol\u00edtico institucional en el peronismo gobernante, toda vez que el mism\u00edsimo Gobernador Omar Perotti decidi\u00f3 jugarse el cuero incluy\u00e9ndose como senador nacional suplente, y fotograf\u00eda inclusive en la propia boleta.<\/p>\n<p><strong>La unidad que no fue<\/strong><\/p>\n<p>A\u00fan no logramos descifrar el \u201cTeorema CFK\u201d, mediante el cual la Vicepresidente Cristina Fern\u00e1ndez de Kirchner ubic\u00f3 gente de su ri\u00f1\u00f3n pol\u00edtico \u2013 La C\u00e1mpora \u2013 en las listas de precandidatos a senadores y diputados nacionales apadrinadas por el Gobernador Omar Perotti, pero no desautoriz\u00f3, al menos hasta el momento, a las grillas armadas por el siempre kirchnerista Agust\u00edn \u201cChivo\u201d Rossi.<\/p>\n<p>El pedido de renuncia del Presidente de la Naci\u00f3n a sus funcionarios precandidatos lo alcanz\u00f3 al propio Rossi como Ministro de Defensa (\u00bfo acaso Rossi forz\u00f3 la renuncia de los dem\u00e1s?) y esto aviv\u00f3 la fragua de quienes pregonan que la \u201clista de Omar\u201d es la verdaderamente bendecida por la Casa Rosada (y el Instituto Patria).<\/p>\n<p>En definitiva, tal como dijimos hace tiempo en esta columna, la interna peronista del 12 de setiembre ser\u00e1 entre \u201ckirchner \u2013 cristinistas\u201d. Habr\u00e1 que esperar entonces no solo la decisi\u00f3n que tome el electorado independiente, sino la actitud de los propios peronistas \u201cortodoxos\u201d, de inmiscuirse o no en esta compulsa.<\/p>\n<p>La pol\u00edtica suele ser como un iceberg: lo m\u00e1s grande es lo que no se ve. En esta interna peronista, lo que subyace es la brutal disputa entre Omar Perotti y el senador Armando \u201cPipi\u201d Traferri, quienes con sus respectivos padrinos (La C\u00e1mpora (CFK), Bielsa, Hacemos Santa Fe por un lado, y Evita, La Corriente, Frente Renovador por el otro, encarnados en Marcelo Lewandowski y Agust\u00edn Rossi) se batir\u00e1n a duelo el 12 de setiembre al amanecer.<\/p>\n<p><strong>La institucionalidad en juego<\/strong><\/p>\n<p>Extrangulando la Constituci\u00f3n para que tenga la culpa de la in\u00e9dita decisi\u00f3n del Gobernador Omar Perotti de ser el precandidato a senador nacional suplente de Marcelo Lewandowski, un grupo de diputados peronistas present\u00f3 un proyecto de Ley para que ante tal medida el Gobernador pida licencia, de la misma manera que el propio Primer Mandatario tiene la facultad de solicit\u00e1rsela a sus funcionarios candidatos. El Gobernador ha dicho que no pedir\u00e1 licencia.<\/p>\n<p>Si de cuestiones \u00e9ticas estamos hablando, deber\u00edan tambi\u00e9n pedir licencia hasta las generales del 14 de noviembre 273 presidentes comunales que no tienen PASO el 12 de setiembre, y otros 92 hasta las PASO. Al igual que centenares de concejales que van por sus reelecciones y los 14 intendentes que tienen elecciones este a\u00f1o.<\/p>\n<p>De la misma manera la Vicegobernadora (ya lo hizo), 4 senadores y 14 diputados que tambi\u00e9n son precandidatos nacionales.<\/p>\n<p>Resulta cuanto menos extra\u00f1o que pol\u00edticos avezados del propio Partido se\u00f1alen a Perotti por utilizar presuntamente los recursos del Estado para beneficiar a los propios \u2013 y perjudicar a los adversarios &#8211; en campa\u00f1a, cuando el gobierno nacional al que dicen pertenecer pol\u00edticamente unos y otros, se aprovecha del Estado de manera casi obscena para hacer pol\u00edtica electoral.<\/p>\n<p>En Santa Fe el radicalismo desde siempre viene denunciando al gobierno provincial por discriminarlos, junto con el gobierno nacional, en el reparto de fondos y obras.<\/p>\n<p><strong>Las PASO de los liderazgos rumbo al 2023<\/strong><\/p>\n<p>Quienes ganen las PASO el pr\u00f3ximo 12 de Setiembre en los tres principales frentes electorales probablemente sean erigidos como precandidatos a Gobernador de Santa Fe en el 2023.<\/p>\n<p>Si nos remontamos a las elecciones del a\u00f1o 2017 cuyas bancas se renuevan este a\u00f1o (5 Cambiemos, 3 peronismo y 1 Frente Progresista) con un escenario social muy parecido, y as\u00ed lo demuestran las encuestas, es muy probable que el 12 de setiembre nuevamente la alianza Juntos por el Cambio (antes Cambiemos) orille el 40% de los votos del seguramente mill\u00f3n y medio de sufragantes; el peronismo el 30% y el Frente Amplio Progresista (antes FPCyS) el 15%.<\/p>\n<p>Quedar\u00eda pues un 15% para repartir entre las restantes 10 fuerzas pol\u00edticas, sean individuales o aliadas, quienes adem\u00e1s deber\u00e1n pugnar por obtener el 1,5% de los votos v\u00e1lidos emitidos para seguir rumbo a las generales del 14 de noviembre.<\/p>\n<p>Dentro de Juntos por el cambio con cuatro listas participando, no ser\u00eda de extra\u00f1ar que el candidato que sacara el 12 al 15% resultara ganador; pero adem\u00e1s como este frente se autoimpuso un piso interno del 20% de los votos obtenidos por la fuerza para repartir diputados por el sistema D\u00b4Hont, si la alianza consiguiera por ejemplo 500 mil votos como en el 2017, cada una de las listas deber\u00eda sacar 100 mil votos para poder entrar en el reparto. \u00bfLas cuatro listas estar\u00e1n en condiciones de repartir diputados?.<\/p>\n<p>En el peronismo ya no ser\u00e1 Roberto Mirabella, como se\u00f1al\u00e1ramos en esta columna en m\u00e1s de una oportunidad, el candidato natural para suceder a Omar Perotti en el 2023; ahora el aspirante al Sill\u00f3n del Brigadier saldr\u00e1 de la puja intestina entre Marcelo Lewandowski (a menos que aspire a la intendencia de Rosario) y Agust\u00edn Rossi, quien hace dos a\u00f1os resign\u00f3 sus sempiternas aspiraciones gubernamentales a manos de Omar Perotti en pos de la \u201cunidad en la diversidad\u201d, hoy hecha a\u00f1icos.<\/p>\n<p>Y finalmente en el ahora rebautizado Frente Amplio Progresista, el intendente rosarino Pablo Javkin plebiscitar\u00e1 su liderazgo con el pupilo Rub\u00e9n Giustiniani, quien competir\u00e1 en su nombre para clasificar hacia el 2023 contra nada menos que la viuda de Miguel Lifschitz, la actual diputada socialista Clara Garc\u00eda.<\/p>\n<p>Quedan tan solo 41 d\u00edas de campa\u00f1a.<\/p>\n","protected":false},"excerpt":{"rendered":"<p>Por Dar\u00edo H. Schueri. Las PASO 2021, decantadoras de las candidaturas gubernamentales del 2023, arrancaron con un fuerte cruce pol\u00edtico institucional en el peronismo gobernante, toda vez que el mism\u00edsimo Gobernador Omar Perotti decidi\u00f3 jugarse el cuero incluy\u00e9ndose como senador nacional suplente, y fotograf\u00eda inclusive en la propia boleta. La unidad que no fue A\u00fan [&hellip;]<\/p>\n","protected":false},"author":3,"featured_media":0,"comment_status":"open","ping_status":"open","sticky":false,"template":"","format":"standard","meta":{"_joinchat":[],"footnotes":""},"categories":[58,66],"tags":[],"class_list":{"0":"post-24484","1":"post","2":"type-post","3":"status-publish","4":"format-standard","6":"category-opinion","7":"category-politica"},"_links":{"self":[{"href":"https:\/\/infovera.com.ar\/web\/wp-json\/wp\/v2\/posts\/24484","targetHints":{"allow":["GET"]}}],"collection":[{"href":"https:\/\/infovera.com.ar\/web\/wp-json\/wp\/v2\/posts"}],"about":[{"href":"https:\/\/infovera.com.ar\/web\/wp-json\/wp\/v2\/types\/post"}],"author":[{"embeddable":true,"href":"https:\/\/infovera.com.ar\/web\/wp-json\/wp\/v2\/users\/3"}],"replies":[{"embeddable":true,"href":"https:\/\/infovera.com.ar\/web\/wp-json\/wp\/v2\/comments?post=24484"}],"version-history":[{"count":0,"href":"https:\/\/infovera.com.ar\/web\/wp-json\/wp\/v2\/posts\/24484\/revisions"}],"wp:attachment":[{"href":"https:\/\/infovera.com.ar\/web\/wp-json\/wp\/v2\/media?parent=24484"}],"wp:term":[{"taxonomy":"category","embeddable":true,"href":"https:\/\/infovera.com.ar\/web\/wp-json\/wp\/v2\/categories?post=24484"},{"taxonomy":"post_tag","embeddable":true,"href":"https:\/\/infovera.com.ar\/web\/wp-json\/wp\/v2\/tags?post=24484"}],"curies":[{"name":"wp","href":"https:\/\/api.w.org\/{rel}","templated":true}]}}