{"id":24406,"date":"2021-07-31T20:39:30","date_gmt":"2021-07-31T23:39:30","guid":{"rendered":"https:\/\/infovera.com.ar\/web\/?p=24406"},"modified":"2021-08-01T20:01:20","modified_gmt":"2021-08-01T23:01:20","slug":"el-justicialismo-de-vera-unido-para-homenajear-a-eva-duarte","status":"publish","type":"post","link":"https:\/\/infovera.com.ar\/web\/2021\/07\/31\/el-justicialismo-de-vera-unido-para-homenajear-a-eva-duarte\/","title":{"rendered":"El Justicialismo de Vera unido para homenajear a Eva Duarte"},"content":{"rendered":"<p>Este 26 de julio se conmemoraron los 69 a\u00f1os del paso a la inmortalidad de Eva Duarte y m\u00e1s all\u00e1 de las internas el partido se mostr\u00f3 unido al participar del sentido homenaje a Eva.<\/p>\n<p>El acto que cont\u00f3 con la presencia de los diferentes Precandidatos justicialistas que disputar\u00e1n la interna fue convocado por la secretar\u00eda\u00a0 del partido justicialista.<\/p>\n<p>En esta oportunidad fueron las mujeres que aceptaron el desaf\u00edo de participar en la contienda electoral las encargadas de colocar un arreglo floral en la imagen de Eva, destacando as\u00ed el lugar de importancia que tiene la figura femenina en el partido.<\/p>\n<p>Adem\u00e1s se entregaron distinciones a mujeres de trayectoria militante.<\/p>\n<p>Para finalizar se realiz\u00f3 una oraci\u00f3n por su descanso eterno dirigida por Juan Carlos P\u00e9rez.<\/p>\n<p><img loading=\"lazy\" decoding=\"async\" class=\"alignnone size-medium wp-image-24409\" src=\"https:\/\/infovera.com.ar\/web\/wp-content\/uploads\/2021\/07\/WhatsApp-Image-2021-07-31-at-20.34.34-300x169.jpeg\" alt=\"\" width=\"300\" height=\"169\" srcset=\"https:\/\/infovera.com.ar\/web\/wp-content\/uploads\/2021\/07\/WhatsApp-Image-2021-07-31-at-20.34.34-300x169.jpeg 300w, https:\/\/infovera.com.ar\/web\/wp-content\/uploads\/2021\/07\/WhatsApp-Image-2021-07-31-at-20.34.34-1024x576.jpeg 1024w, https:\/\/infovera.com.ar\/web\/wp-content\/uploads\/2021\/07\/WhatsApp-Image-2021-07-31-at-20.34.34-768x432.jpeg 768w, https:\/\/infovera.com.ar\/web\/wp-content\/uploads\/2021\/07\/WhatsApp-Image-2021-07-31-at-20.34.34-696x392.jpeg 696w, https:\/\/infovera.com.ar\/web\/wp-content\/uploads\/2021\/07\/WhatsApp-Image-2021-07-31-at-20.34.34-1068x601.jpeg 1068w, https:\/\/infovera.com.ar\/web\/wp-content\/uploads\/2021\/07\/WhatsApp-Image-2021-07-31-at-20.34.34-747x420.jpeg 747w, https:\/\/infovera.com.ar\/web\/wp-content\/uploads\/2021\/07\/WhatsApp-Image-2021-07-31-at-20.34.34.jpeg 1280w\" sizes=\"auto, (max-width: 300px) 100vw, 300px\" \/><\/p>\n","protected":false},"excerpt":{"rendered":"<p>Este 26 de julio se conmemoraron los 69 a\u00f1os del paso a la inmortalidad de Eva Duarte y m\u00e1s all\u00e1 de las internas el partido se mostr\u00f3 unido al participar del sentido homenaje a Eva. El acto que cont\u00f3 con la presencia de los diferentes Precandidatos justicialistas que disputar\u00e1n la interna fue convocado por la [&hellip;]<\/p>\n","protected":false},"author":2,"featured_media":24408,"comment_status":"open","ping_status":"open","sticky":false,"template":"","format":"standard","meta":{"_joinchat":[],"footnotes":""},"categories":[53],"tags":[],"class_list":{"0":"post-24406","1":"post","2":"type-post","3":"status-publish","4":"format-standard","5":"has-post-thumbnail","7":"category-vera"},"_links":{"self":[{"href":"https:\/\/infovera.com.ar\/web\/wp-json\/wp\/v2\/posts\/24406","targetHints":{"allow":["GET"]}}],"collection":[{"href":"https:\/\/infovera.com.ar\/web\/wp-json\/wp\/v2\/posts"}],"about":[{"href":"https:\/\/infovera.com.ar\/web\/wp-json\/wp\/v2\/types\/post"}],"author":[{"embeddable":true,"href":"https:\/\/infovera.com.ar\/web\/wp-json\/wp\/v2\/users\/2"}],"replies":[{"embeddable":true,"href":"https:\/\/infovera.com.ar\/web\/wp-json\/wp\/v2\/comments?post=24406"}],"version-history":[{"count":0,"href":"https:\/\/infovera.com.ar\/web\/wp-json\/wp\/v2\/posts\/24406\/revisions"}],"wp:featuredmedia":[{"embeddable":true,"href":"https:\/\/infovera.com.ar\/web\/wp-json\/wp\/v2\/media\/24408"}],"wp:attachment":[{"href":"https:\/\/infovera.com.ar\/web\/wp-json\/wp\/v2\/media?parent=24406"}],"wp:term":[{"taxonomy":"category","embeddable":true,"href":"https:\/\/infovera.com.ar\/web\/wp-json\/wp\/v2\/categories?post=24406"},{"taxonomy":"post_tag","embeddable":true,"href":"https:\/\/infovera.com.ar\/web\/wp-json\/wp\/v2\/tags?post=24406"}],"curies":[{"name":"wp","href":"https:\/\/api.w.org\/{rel}","templated":true}]}}