{"id":24399,"date":"2021-07-31T14:08:30","date_gmt":"2021-07-31T17:08:30","guid":{"rendered":"https:\/\/infovera.com.ar\/web\/?p=24399"},"modified":"2021-07-31T14:08:30","modified_gmt":"2021-07-31T17:08:30","slug":"clara-garcia-en-santa-fe-el-proyecto-de-desarrollo-con-inclusion-lleva-el-nombre-del-frente-progresista","status":"publish","type":"post","link":"https:\/\/infovera.com.ar\/web\/2021\/07\/31\/clara-garcia-en-santa-fe-el-proyecto-de-desarrollo-con-inclusion-lleva-el-nombre-del-frente-progresista\/","title":{"rendered":"Clara Garc\u00eda: &#8220;En Santa Fe, el proyecto de desarrollo con inclusi\u00f3n, lleva el nombre del Frente Progresista&#8221;"},"content":{"rendered":"<p><strong>La precandidata a senadora del FAP encabez\u00f3 la presentaci\u00f3n de listas para las elecciones de 12 de septiembre. Estuvo acompa\u00f1ada por M\u00f3nica Fein, quien encabeza la n\u00f3mina de diputadas y diputados nacionales, y el resto de los postulantes. \u201cVoy a ir al Senado, para estar en la mesa de las decisiones. Para que no sea un despacho porte\u00f1o el que decida por nuestra provincia\u201d, asegur\u00f3.<\/strong><\/p>\n<p>La lista Adelante, del Frente Amplio Progresista (FAP) present\u00f3 a sus precandidatos para entrar al Congreso nacional en un acto transmitido de manera virtual encabezado por Clara Garc\u00eda, quien se postula junto a Paco Garibaldi para el Senado de la Naci\u00f3n de cara a las elecciones internas del pr\u00f3ximo 12 de septiembre.<\/p>\n<p>\u201cEn Santa Fe, el proyecto de futuro, de desarrollo con igualdad, de inclusi\u00f3n y de integraci\u00f3n, es el nuestro, el del Frente Amplio Progresista, el de Hermes y de Miguel, el que hoy encabezo\u201d, afirm\u00f3 Garc\u00eda, quien estuvo acompa\u00f1ada por su compa\u00f1ero de lista, as\u00ed como por la ex intendenta y presidenta del Partido Socialista a nivel nacional, M\u00f3nica Fein, quien encabeza la n\u00f3mina para diputadas y diputados nacionales, y el resto de los postulantes: Gonzalo Saglione, Gabriela Sosa, Ramiro Arola, Andrea Uboldi, Miguel Sol\u00eds, Silvia Virili, Diego Mart\u00edn y Elizabet Crettaz. Tambi\u00e9n particip\u00f3 el intendente de Villa Gobernador G\u00e1lvez, Alberto Ricci.<\/p>\n<p>Ante m\u00e1s de 1.000 militantes, dirigentes y precandidatos del FAP de toda la provincia que siguieron el acto en forma remota, Garc\u00eda se comprometi\u00f3 a &#8220;pelear uno a uno los grandes temas de cada regi\u00f3n santafesina\u201d, entre los que nombr\u00f3 \u201clas rutas nacionales sin inversi\u00f3n, las viviendas de planes nacionales que no llegan, las grandes obras de infraestructura interprovinciales que permitir\u00edan potenciar a\u00fan m\u00e1s nuestro despliegue productivo, las fuerzas de seguridad federales que no llegan, la deuda de $100.000 millones que la Naci\u00f3n tiene con Santa Fe, que reclam\u00f3 Hermes Binner ante la Corte, esa deuda que gener\u00f3 el kirchnerismo, que el macrismo nunca pag\u00f3 y seguimos sin cobrar\u201d.<\/p>\n<p>\u201cVoy a alzar la voz por la Hidrov\u00eda \u2013continu\u00f3 Garc\u00eda-, este regalo de la naturaleza que debemos proteger y a la vez potenciar como autopista fluvial generadora de progreso, por nuestros productores de carnes a los que inconsultamente se les suspenden las exportaciones, por el perjuicio deliberado a nuestra industria de biocombustibles, a nuestra innovadora bioeconom\u00eda\u201d.<\/p>\n<p>\u201cVoy a ir al Senado \u2013remarc\u00f3-, para estar en la mesa de las decisiones. Para que no sea un despacho porte\u00f1o el que decida por Santa Fe. No voy a ser senadora para estar callada, levantando la mano por obediencia partidaria&#8221;.<\/p>\n<p>La precandidata tambi\u00e9n se refiri\u00f3 a la \u201ccrisis institucional in\u00e9dita\u201d que vive la provincia por estos momentos, \u201ccon un enfrentamiento feroz entre el gobernador y la vicegobernadora, entre el Poder Ejecutivo con el Legislativo, y de ambos con el Poder judicial. Es un quiebre institucional que jam\u00e1s vivimos y que no nos merecemos\u201d, denunci\u00f3.<\/p>\n<p>\u201cEsta lista no expresa la oposici\u00f3n al gobierno frenado que padecemos; esta lista expresa su superaci\u00f3n. Y lo haremos desde el FAP, con el legado de aquella gesta pol\u00edtica vibrante que lider\u00f3 Hermes hace 10 a\u00f1os. Y con la esencia del equipo que acompa\u00f1\u00f3 a Miguel en su brillante gesti\u00f3n\u201d, dijo la actual diputada provincial, quien present\u00f3 uno a uno a los precandidatos nacionales.<\/p>\n<p><strong>PEROTTI, UNA DECEPCI\u00d3N<\/strong><\/p>\n<p>Al referirse a la actual administraci\u00f3n provincial, Garc\u00eda se\u00f1al\u00f3 que \u201c(Omar) Perotti fue una decepci\u00f3n, solo promesas de campa\u00f1a sensibles que muchos creyeron\u201d y, en ese sentido, sostuvo que \u201cgestionar lo p\u00fablico es mucho m\u00e1s que un par de slogans con gancho. Su gesti\u00f3n \u2013dijo- carece de escala, de equipos y de proyectos. Es un gobierno ausente. Un gobierno que, por incapacidad o por capricho, decidi\u00f3 desandar la mayor\u00eda de las pol\u00edticas p\u00fablicas del Frente Progresista, como el Plan Abre, el Vuelvo a Estudiar, el Nueva Oportunidad\u201d.<\/p>\n<p>\u201cMeses enteros con obras paradas, rutas sin mantenimiento ni mejoras, hospitales detenidos, escuelas sin inversi\u00f3n, programas sociales interrumpidos, con empresas santafesinas pas\u00e1ndola muy mal, pero con sumas impresionantes inmovilizadas en cuentas bancarias del Tesoro provincial\u201d, detall\u00f3 para dar cuenta de un conjunto de decisiones que calific\u00f3 de \u201cinentendible\u201d.<\/p>\n<p>La precandidata del FAP advirti\u00f3 que \u201cdejar atr\u00e1s este tiempo perdido y este tiempo de p\u00e9rdidas, no va a ser posible s\u00f3lo sent\u00e1ndose en una banca para aprobar leyes\u201d. Y marc\u00f3 lo que va a hacer falta: \u201cQuienes tenemos pasi\u00f3n por la gesti\u00f3n p\u00fablica, sabemos que de esta crisis no se sale ni con el Estado ausente que propone el macrismo ni con el desgobierno que muestra Perotti. Se sale con pol\u00edticas, se sale con equipos, se sale con transparencia\u201d.<\/p>\n<p>Garc\u00eda tambi\u00e9n valor\u00f3 la decisi\u00f3n de \u201cgobernar para transformar\u201d y puso como ejemplo las gestiones de Hermes Binner, Antonio Bonfatti y Miguel Lifschitz, que \u201cno se conformaron con administrar lo que ya exist\u00eda\u201d y \u201cpudieron construir, entre tantas cosas, el mejor sistema de salud p\u00fablica del pa\u00eds, y que ese sistema haya contribuido a defendernos mejor de la pandemia. Somos gobiernos con proyectos, honestos, profundamente sensibles y humanos\u201d.<\/p>\n<p>Para concluir, la precandidata del FAP convoc\u00f3 \u201ca todos y a todas a transitar la salida de este tiempo de inmovilidad y desconsuelo. Vamos a construir futuro, vamos a caminar sobre la huella de Hermes y a recorrer los caminos de Miguel. Vamos a seguir defendiendo los sue\u00f1os de Santa Fe; porque los sue\u00f1os son para siempre\u201d.<\/p>\n","protected":false},"excerpt":{"rendered":"<p>La precandidata a senadora del FAP encabez\u00f3 la presentaci\u00f3n de listas para las elecciones de 12 de septiembre. Estuvo acompa\u00f1ada por M\u00f3nica Fein, quien encabeza la n\u00f3mina de diputadas y diputados nacionales, y el resto de los postulantes. \u201cVoy a ir al Senado, para estar en la mesa de las decisiones. Para que no sea [&hellip;]<\/p>\n","protected":false},"author":3,"featured_media":24401,"comment_status":"open","ping_status":"open","sticky":false,"template":"","format":"standard","meta":{"_joinchat":[],"footnotes":""},"categories":[66],"tags":[],"class_list":{"0":"post-24399","1":"post","2":"type-post","3":"status-publish","4":"format-standard","5":"has-post-thumbnail","7":"category-politica"},"_links":{"self":[{"href":"https:\/\/infovera.com.ar\/web\/wp-json\/wp\/v2\/posts\/24399","targetHints":{"allow":["GET"]}}],"collection":[{"href":"https:\/\/infovera.com.ar\/web\/wp-json\/wp\/v2\/posts"}],"about":[{"href":"https:\/\/infovera.com.ar\/web\/wp-json\/wp\/v2\/types\/post"}],"author":[{"embeddable":true,"href":"https:\/\/infovera.com.ar\/web\/wp-json\/wp\/v2\/users\/3"}],"replies":[{"embeddable":true,"href":"https:\/\/infovera.com.ar\/web\/wp-json\/wp\/v2\/comments?post=24399"}],"version-history":[{"count":0,"href":"https:\/\/infovera.com.ar\/web\/wp-json\/wp\/v2\/posts\/24399\/revisions"}],"wp:featuredmedia":[{"embeddable":true,"href":"https:\/\/infovera.com.ar\/web\/wp-json\/wp\/v2\/media\/24401"}],"wp:attachment":[{"href":"https:\/\/infovera.com.ar\/web\/wp-json\/wp\/v2\/media?parent=24399"}],"wp:term":[{"taxonomy":"category","embeddable":true,"href":"https:\/\/infovera.com.ar\/web\/wp-json\/wp\/v2\/categories?post=24399"},{"taxonomy":"post_tag","embeddable":true,"href":"https:\/\/infovera.com.ar\/web\/wp-json\/wp\/v2\/tags?post=24399"}],"curies":[{"name":"wp","href":"https:\/\/api.w.org\/{rel}","templated":true}]}}