{"id":24395,"date":"2021-07-31T12:26:17","date_gmt":"2021-07-31T15:26:17","guid":{"rendered":"https:\/\/infovera.com.ar\/web\/?p=24395"},"modified":"2021-07-31T12:26:17","modified_gmt":"2021-07-31T15:26:17","slug":"informan-sobre-la-inscripcion-al-programa-habitacional-casa-propia","status":"publish","type":"post","link":"https:\/\/infovera.com.ar\/web\/2021\/07\/31\/informan-sobre-la-inscripcion-al-programa-habitacional-casa-propia\/","title":{"rendered":"Informan sobre la inscripci\u00f3n al programa habitacional Casa Propia"},"content":{"rendered":"<p><strong>En el marco de un trabajo articulado entre el ejecutivo provincial y el gobierno central, se informaron los requisitos para el acceso a las viviendas y l\u00edneas de cr\u00e9ditos.<\/strong><\/p>\n<p>El Ministerio de Infraestructura, Servicios P\u00fablicos y H\u00e1bitat, a trav\u00e9s de la Secretar\u00eda de H\u00e1bitat, Urbanismo y Vivienda detall\u00f3 los requisitos para inscribirse al programa nacional de acceso a la vivienda Casa Propia que ejecuta el Ministerio de Desarrollo Territorial y H\u00e1bitat de la Naci\u00f3n.<\/p>\n<p>Al respecto, el secretario de H\u00e1bitat Amado Zorz\u00f3n, coment\u00f3: \u201cA partir de la voluntad del gobernador Omar Perotti de priorizar el h\u00e1bitat y la vivienda de los santafesinos y santafesinas, encaramos a trav\u00e9s del Ministerio de Infraestructura, con el compromiso de la ministra Silvina Frana, un minucioso trabajo articulado con Naci\u00f3n para cogestionar diferentes programas, con el fin de generar el acceso a la vivienda, pero tambi\u00e9n para contribuir a la reactivaci\u00f3n econ\u00f3mica de nuestra provincia\u201d, precis\u00f3 el funcionario.<\/p>\n<p>\u201cEstos cr\u00e9ditos son para que pueda acceder cualquier familia del pa\u00eds que busque construir su vivienda propia, tomando un pr\u00e9stamo a tasa cero, que s\u00f3lo ajusta seg\u00fan el Coeficiente de Variaci\u00f3n Salarial (CVS) que publica el Indec, tomando la llamada f\u00f3rmula Hog.Ar. Ser\u00e1n cr\u00e9ditos para construcci\u00f3n por un monto m\u00e1ximo de $ 4,3 millones y con plazo de repago a 30 a\u00f1os\u201d, detall\u00f3 Zorz\u00f3n.<\/p>\n<p>Este sistema permite garantizar que la actualizaci\u00f3n de las cuotas se mueve de acuerdo a c\u00f3mo evolucionen los salarios, no tomando en cuenta la inflaci\u00f3n o una tasa de inter\u00e9s espec\u00edfica. El cr\u00e9dito corresponde a viviendas de entre 40 y 60 m2 y contempla adem\u00e1s a tomadores y tomadoras de cr\u00e9ditos que perciban hasta un salario m\u00ednimo, vital y m\u00f3vil (SMVM). Esto es una novedad, dado que es un grupo de beneficiarios que no suelen ser considerados sujetos de cr\u00e9dito debido a sus bajos ingresos.<\/p>\n<p>\u201cLo importante es seguir trabajando articuladamente, con una pol\u00edtica federal de vivienda y h\u00e1bitat, buscando siempre responder y solucionar la demanda habitacional de la provincia, lo que para nosotros representa un compromiso. Y estos planes federales son los que le devuelven la dignidad de vida a los vecinos y vecinas, con el objetivo de que la gente viva mejor&#8221;, cerr\u00f3 Zorz\u00f3n.<\/p>\n<p><strong>INSCRIPCI\u00d3N Y REQUISITOS<\/strong><\/p>\n<p>Para inscribirse, los interesados podr\u00e1n ingresar a: <a href=\"https:\/\/www.argentina.gob.ar\/habitat\/casapropia\/construccion\">https:\/\/www.argentina.gob.ar\/habitat\/casapropia\/construccion<\/a><\/p>\n<p>Los interesados en presentarse para acceder a los cr\u00e9ditos Casa Propia deber cumplir los siguientes requisitos:<\/p>\n<p>&gt;&gt;\u00a0Ser argentino\/a natural o por opci\u00f3n, o extranjero con residencia permanente.&gt;&gt; Contar con Documento Nacional de Identidad vigente.<\/p>\n<p>&gt;&gt; Contar con ingresos provenientes de trabajos formales, jubilaciones y\/o pensiones. La suma de los ingresos mensuales netos del grupo familiar deber\u00e1 estar entre los $27.000 y $175.000.<\/p>\n<p>&gt;&gt; Tener entre 18 y 64 a\u00f1os al momento de la inscripci\u00f3n.<\/p>\n<p>&gt;&gt; No ser propietarios\/as o copropietarios\/as de bienes inmuebles, con excepci\u00f3n de los casos previstos en las Bases y Condiciones.<\/p>\n<p>&gt;&gt; No registrar antecedentes financieros desfavorables en los \u00faltimos 9 meses.<\/p>\n<p>&gt;&gt; No encontrarse inhibido\/a.<\/p>\n<p>&gt;&gt; Registrar 12 meses de antig\u00fcedad en la actividad (empleados\/as e independientes).<\/p>\n<p>&gt;&gt; No se admitir\u00e1n terrenos que: se encuentren en barrios cerrados o privados, que su tasaci\u00f3n supere los $3.500.000, o que no sean de titularidad de los\/as solicitantes (salvo familiares directos). El terreno deber\u00e1 estar escriturado antes del 31\/8\/2021, salvo que el terreno provenga de un organismo p\u00fablico.<\/p>\n<p>&gt;&gt; Solo ser\u00e1 posible construir los Modelos de Viviendas del Programa (a excepci\u00f3n de quienes construyan al fondo o arriba de la casa de sus padres).<\/p>\n<p>&gt;&gt; La construcci\u00f3n deber\u00e1 destinada a la Construcci\u00f3n de vivienda \u00fanica, familiar y de ocupaci\u00f3n permanente y no superar los 60 m2 de superficie.<\/p>\n","protected":false},"excerpt":{"rendered":"<p>En el marco de un trabajo articulado entre el ejecutivo provincial y el gobierno central, se informaron los requisitos para el acceso a las viviendas y l\u00edneas de cr\u00e9ditos. El Ministerio de Infraestructura, Servicios P\u00fablicos y H\u00e1bitat, a trav\u00e9s de la Secretar\u00eda de H\u00e1bitat, Urbanismo y Vivienda detall\u00f3 los requisitos para inscribirse al programa nacional [&hellip;]<\/p>\n","protected":false},"author":3,"featured_media":24397,"comment_status":"open","ping_status":"open","sticky":false,"template":"","format":"standard","meta":{"_joinchat":[],"footnotes":""},"categories":[60],"tags":[],"class_list":{"0":"post-24395","1":"post","2":"type-post","3":"status-publish","4":"format-standard","5":"has-post-thumbnail","7":"category-provinciales"},"_links":{"self":[{"href":"https:\/\/infovera.com.ar\/web\/wp-json\/wp\/v2\/posts\/24395","targetHints":{"allow":["GET"]}}],"collection":[{"href":"https:\/\/infovera.com.ar\/web\/wp-json\/wp\/v2\/posts"}],"about":[{"href":"https:\/\/infovera.com.ar\/web\/wp-json\/wp\/v2\/types\/post"}],"author":[{"embeddable":true,"href":"https:\/\/infovera.com.ar\/web\/wp-json\/wp\/v2\/users\/3"}],"replies":[{"embeddable":true,"href":"https:\/\/infovera.com.ar\/web\/wp-json\/wp\/v2\/comments?post=24395"}],"version-history":[{"count":0,"href":"https:\/\/infovera.com.ar\/web\/wp-json\/wp\/v2\/posts\/24395\/revisions"}],"wp:featuredmedia":[{"embeddable":true,"href":"https:\/\/infovera.com.ar\/web\/wp-json\/wp\/v2\/media\/24397"}],"wp:attachment":[{"href":"https:\/\/infovera.com.ar\/web\/wp-json\/wp\/v2\/media?parent=24395"}],"wp:term":[{"taxonomy":"category","embeddable":true,"href":"https:\/\/infovera.com.ar\/web\/wp-json\/wp\/v2\/categories?post=24395"},{"taxonomy":"post_tag","embeddable":true,"href":"https:\/\/infovera.com.ar\/web\/wp-json\/wp\/v2\/tags?post=24395"}],"curies":[{"name":"wp","href":"https:\/\/api.w.org\/{rel}","templated":true}]}}