{"id":24303,"date":"2021-07-30T11:33:20","date_gmt":"2021-07-30T14:33:20","guid":{"rendered":"https:\/\/infovera.com.ar\/web\/?p=24303"},"modified":"2021-07-31T11:37:30","modified_gmt":"2021-07-31T14:37:30","slug":"comunidades-inmunizadas-la-provincia-completo-la-vacunacion-contra-el-coronavirus-en-vera-y-otros-seis-distritos","status":"publish","type":"post","link":"https:\/\/infovera.com.ar\/web\/2021\/07\/30\/comunidades-inmunizadas-la-provincia-completo-la-vacunacion-contra-el-coronavirus-en-vera-y-otros-seis-distritos\/","title":{"rendered":"Comunidades Inmunizadas: la provincia complet\u00f3 la vacunaci\u00f3n contra el coronavirus en Vera y otros seis distritos"},"content":{"rendered":"<p><strong>En total, en el territorio provincial son 123 localidades donde todos los inscriptos ya recibieron al menos una dosis.<\/strong><\/p>\n<p>La provincia de Santa Fe anunci\u00f3 que el viernes de esta semana se complet\u00f3 la vacunaci\u00f3n de los inscriptos mayores de 18 a\u00f1os, con al menos una dosis en 123 localidades de la provincia de Santa Fe. Entre ellas se cuentan 7 del departamento Vera.<\/p>\n<p>Ante esto, los municipios y comunas que turnaron a todos los inscriptos para esta semana, son, Acebal, Aldao del departamento San Lorenzo, Andino, Arequito, Arroyo Leyes, Arroyo Seco, Arteaga, Barrancas, Bauer y Sigel, Berabev\u00fa, Bigand del departamento Castellanos, Bombal, Bustinza, Ca\u00f1ada Del Ucle, <strong>Ca\u00f1ada Omb\u00fa<\/strong>, Ca\u00f1ada Rosqu\u00edn, Carlos Pellegrini, Casalegno, Cavour, Cello, Centeno, Cha\u00f1ar Ladeado, Chovet, Clason y Colonia Ana.<\/p>\n<p>Tambi\u00e9n, Colonia Silva, Colonia Teresa, Constanza, Coronel Bogado, Correa, D\u00edaz, Elortondo, Empalme Villa Constituci\u00f3n, Empalme San Carlos, Esperanza, Esteban Rams, Pueblo Esther, Eustolia, Firmat, Fortin Olmos, Funes, Gaboto, Galisteo, G\u00e1lvez, <strong>Garabato<\/strong>, Garibaldi, Granadero Baigorria y Gobernador Crespo.<\/p>\n<p>Asimismo, General Lagos, Golondrina, Grutly, Hugentobler, <strong>Intiyaco,<\/strong> Irigoyen, Iturraspe, Ituzaing\u00f3, Juncal, La Brava, La Camila, La Clara, <strong>La Gallareta,<\/strong> La Penca, Landeta, Las Avispas, L\u00f3pez, <strong>Los Amores,<\/strong> Los Quirquinchos, Maggiolo, Maria Susana, Maua, M\u00e1ximo Paz, Melincu\u00e9, Miguel Torres, Mois\u00e9s Ville, Monte Oscuridad, Montes De Oca, Oliveros, Palacios, Pavon Arriba, Peyrano, Piaggio,\u00a0Piamonte Pi\u00f1ero, Pueblo Esther, Pujato-san Lorenzo y Ricardone.<\/p>\n<p>Finalmente, Salto Grande, San Eugenio, San Fabi\u00e1n, San Genaro, San Guillermo, San Javier, San Jer\u00f3nimo Sur, San Jorge, San Jos\u00e9 Del Rinc\u00f3n, San Jos\u00e9 del departamento Las Colonias, San Mart\u00edn de Las Escobas, Sancti Spiritu, Sanford,\u00a0Santa Clara De Buena Vista, Santa Clara de Saguier, Santa Fe, Santa Mar\u00eda Centro, Santa Mar\u00eda Norte, Santa Rosa, Santa Teresa, Sarmiento, Sauce Viejo, Soutomayor, Tacurales, Tartagal, Theobald, <strong>Toba<\/strong>, Totoras, Traill, Uranga, Vera, Villa Ana, Villa Constituci\u00f3n, Villa Elo\u00edsa, Villa Guillermina, Villa Mugueta, Villa Tramontini.<\/p>\n<p>Al respecto, la ministra de Salud, Sonia Martorano destac\u00f3 que la provincia \u201cest\u00e1 en una etapa avanzada de la campa\u00f1a, tenemos 123 localidades en las que ya vacunamos al 100% de los inscriptos mayores de 18 a\u00f1os, son nuestras comunidades inmunizadas\u201d.<\/p>\n<p>\u201cPara esta semana se enviaron el viernes 23 de julio m\u00e1s de 200 mil turnos, eso nos permiti\u00f3 que turnemos a todos los anotados a esa fecha\u201d, explic\u00f3 la ministra de Salud, adem\u00e1s agreg\u00f3: \u201cla semana que viene avanzaremos con los menores de 17 a\u00f1os y aquellas personas que se sumaron al registro provincial en los \u00faltimos d\u00edas\u201d afirm\u00f3 Martorano.<\/p>\n<p>\u201cEn Julio mandamos 972.468 turnos y estamos avanzando con las segundas dosis para completar los esquemas de vacunaci\u00f3n en aquellas personas que recibieron la primera dosis\u201d, continu\u00f3 la ministra.<\/p>\n<p><strong>Vacunaci\u00f3n a menores<\/strong><\/p>\n<p>El sitio de inscripci\u00f3n ya est\u00e1 disponible para que las personas de 12 a 17 a\u00f1os con factores de riesgo puedan anotarse para recibir su vacuna contra el Coronavirus. En este sentido, Martorano detall\u00f3: \u201cEs muy importante que se anoten porque se enviar\u00e1n los turnos entre el viernes y el fin de semana para los pr\u00f3ximos d\u00edas\u201d.<\/p>\n","protected":false},"excerpt":{"rendered":"<p>En total, en el territorio provincial son 123 localidades donde todos los inscriptos ya recibieron al menos una dosis. La provincia de Santa Fe anunci\u00f3 que el viernes de esta semana se complet\u00f3 la vacunaci\u00f3n de los inscriptos mayores de 18 a\u00f1os, con al menos una dosis en 123 localidades de la provincia de Santa [&hellip;]<\/p>\n","protected":false},"author":3,"featured_media":24305,"comment_status":"open","ping_status":"open","sticky":false,"template":"","format":"standard","meta":{"_joinchat":[],"footnotes":""},"categories":[51],"tags":[],"class_list":{"0":"post-24303","1":"post","2":"type-post","3":"status-publish","4":"format-standard","5":"has-post-thumbnail","7":"category-locales"},"_links":{"self":[{"href":"https:\/\/infovera.com.ar\/web\/wp-json\/wp\/v2\/posts\/24303","targetHints":{"allow":["GET"]}}],"collection":[{"href":"https:\/\/infovera.com.ar\/web\/wp-json\/wp\/v2\/posts"}],"about":[{"href":"https:\/\/infovera.com.ar\/web\/wp-json\/wp\/v2\/types\/post"}],"author":[{"embeddable":true,"href":"https:\/\/infovera.com.ar\/web\/wp-json\/wp\/v2\/users\/3"}],"replies":[{"embeddable":true,"href":"https:\/\/infovera.com.ar\/web\/wp-json\/wp\/v2\/comments?post=24303"}],"version-history":[{"count":0,"href":"https:\/\/infovera.com.ar\/web\/wp-json\/wp\/v2\/posts\/24303\/revisions"}],"wp:featuredmedia":[{"embeddable":true,"href":"https:\/\/infovera.com.ar\/web\/wp-json\/wp\/v2\/media\/24305"}],"wp:attachment":[{"href":"https:\/\/infovera.com.ar\/web\/wp-json\/wp\/v2\/media?parent=24303"}],"wp:term":[{"taxonomy":"category","embeddable":true,"href":"https:\/\/infovera.com.ar\/web\/wp-json\/wp\/v2\/categories?post=24303"},{"taxonomy":"post_tag","embeddable":true,"href":"https:\/\/infovera.com.ar\/web\/wp-json\/wp\/v2\/tags?post=24303"}],"curies":[{"name":"wp","href":"https:\/\/api.w.org\/{rel}","templated":true}]}}