{"id":24279,"date":"2021-07-29T18:23:26","date_gmt":"2021-07-29T21:23:26","guid":{"rendered":"https:\/\/infovera.com.ar\/web\/?p=24279"},"modified":"2021-07-31T11:40:11","modified_gmt":"2021-07-31T14:40:11","slug":"la-provincia-le-solicito-la-renuncia-al-subjefe-de-la-policia-de-santa-fe","status":"publish","type":"post","link":"https:\/\/infovera.com.ar\/web\/2021\/07\/29\/la-provincia-le-solicito-la-renuncia-al-subjefe-de-la-policia-de-santa-fe\/","title":{"rendered":"La Provincia le solicit\u00f3 la renuncia al subjefe de la Polic\u00eda de Santa Fe"},"content":{"rendered":"<p><strong>Se trata de Ariel Zancocchia, la medida se tom\u00f3 por decisi\u00f3n del ministro de Seguridad, Jorge Lagna, luego de los allanamientos realizados en domicilios de empleados policiales.<\/strong><\/p>\n<p>A ra\u00edz de la causa judicial producto de la investigaci\u00f3n de los fiscales Dr. Mat\u00edas Edery y Dr. Luis Schiappa Pietra, por presuntos manejos irregulares de fondos para la reparaci\u00f3n de veh\u00edculos policiales que data de 2019, en la que est\u00e1n involucrados varios polic\u00edas, la Agencia de Control Policial llev\u00f3 adelante allanamientos, otras medidas procesales y preventivamente el pase a disponibilidad de los polic\u00edas.<\/p>\n<p>En consecuencia de ello, el ministro de Seguridad, Jorge Lagna, solicit\u00f3 la renuncia al subjefe de polic\u00eda de la provincia Director General Ariel Zancocchia, que fuera nombrado en septiembre de 2020.<\/p>\n<p>Se trata de Ariel Zancocchia, la medida se tom\u00f3 por decisi\u00f3n del ministro de Seguridad, Jorge Lagna, luego de los allanamientos realizados en domicilios de empleados policiales.<\/p>\n<p>A ra\u00edz de la causa judicial producto de la investigaci\u00f3n de los fiscales Dr. Mat\u00edas Edery y Dr. Luis Schiappa Pietra, por presuntos manejos irregulares de fondos para la reparaci\u00f3n de veh\u00edculos policiales que data de 2019, en la que est\u00e1n involucrados varios polic\u00edas, la Agencia de Control Policial llev\u00f3 adelante allanamientos, otras medidas procesales y preventivamente el pase a disponibilidad de los polic\u00edas.<\/p>\n<p>En consecuencia de ello, el ministro de Seguridad, Jorge Lagna, solicit\u00f3 la renuncia al subjefe de polic\u00eda de la provincia Director General Ariel Zancocchia, que fuera nombrado en septiembre de 2020.<\/p>\n","protected":false},"excerpt":{"rendered":"<p>Se trata de Ariel Zancocchia, la medida se tom\u00f3 por decisi\u00f3n del ministro de Seguridad, Jorge Lagna, luego de los allanamientos realizados en domicilios de empleados policiales. A ra\u00edz de la causa judicial producto de la investigaci\u00f3n de los fiscales Dr. Mat\u00edas Edery y Dr. Luis Schiappa Pietra, por presuntos manejos irregulares de fondos para [&hellip;]<\/p>\n","protected":false},"author":3,"featured_media":24281,"comment_status":"open","ping_status":"open","sticky":false,"template":"","format":"standard","meta":{"_joinchat":[],"footnotes":""},"categories":[60],"tags":[],"class_list":{"0":"post-24279","1":"post","2":"type-post","3":"status-publish","4":"format-standard","5":"has-post-thumbnail","7":"category-provinciales"},"_links":{"self":[{"href":"https:\/\/infovera.com.ar\/web\/wp-json\/wp\/v2\/posts\/24279","targetHints":{"allow":["GET"]}}],"collection":[{"href":"https:\/\/infovera.com.ar\/web\/wp-json\/wp\/v2\/posts"}],"about":[{"href":"https:\/\/infovera.com.ar\/web\/wp-json\/wp\/v2\/types\/post"}],"author":[{"embeddable":true,"href":"https:\/\/infovera.com.ar\/web\/wp-json\/wp\/v2\/users\/3"}],"replies":[{"embeddable":true,"href":"https:\/\/infovera.com.ar\/web\/wp-json\/wp\/v2\/comments?post=24279"}],"version-history":[{"count":0,"href":"https:\/\/infovera.com.ar\/web\/wp-json\/wp\/v2\/posts\/24279\/revisions"}],"wp:featuredmedia":[{"embeddable":true,"href":"https:\/\/infovera.com.ar\/web\/wp-json\/wp\/v2\/media\/24281"}],"wp:attachment":[{"href":"https:\/\/infovera.com.ar\/web\/wp-json\/wp\/v2\/media?parent=24279"}],"wp:term":[{"taxonomy":"category","embeddable":true,"href":"https:\/\/infovera.com.ar\/web\/wp-json\/wp\/v2\/categories?post=24279"},{"taxonomy":"post_tag","embeddable":true,"href":"https:\/\/infovera.com.ar\/web\/wp-json\/wp\/v2\/tags?post=24279"}],"curies":[{"name":"wp","href":"https:\/\/api.w.org\/{rel}","templated":true}]}}