{"id":24265,"date":"2021-07-29T11:40:26","date_gmt":"2021-07-29T14:40:26","guid":{"rendered":"https:\/\/infovera.com.ar\/web\/?p=24265"},"modified":"2021-07-29T11:40:26","modified_gmt":"2021-07-29T14:40:26","slug":"rossi-volvio-a-cruzar-a-perotti-y-resurgen-las-dudas-en-el-gabinete","status":"publish","type":"post","link":"https:\/\/infovera.com.ar\/web\/2021\/07\/29\/rossi-volvio-a-cruzar-a-perotti-y-resurgen-las-dudas-en-el-gabinete\/","title":{"rendered":"Rossi volvi\u00f3 a cruzar a Perotti y resurgen las dudas en el gabinete"},"content":{"rendered":"<p><strong>Despu\u00e9s de enterarse &#8220;por la televisi\u00f3n&#8221; de que deb\u00eda renunciar, el ex ministro de Defensa confront\u00f3 nuevamente con el gobernador. Le cuestion\u00f3 la falta de \u00e9tica y le exigi\u00f3 que tome licencia por ser tambi\u00e9n candidato. Las declaraciones volvieron a poner en jaque la continuidad de los ministros de Gobierno y Cultura.<\/strong><\/p>\n<p>De tener que cambiarle el nombre a su lista, a quedarse fuera del gabinete de Alberto Fern\u00e1ndez. No fue un buen d\u00eda este mi\u00e9rcoles para Agust\u00edn Rossi. El pre candidato a senador nacional por una de las listas del peronismo santafesino hab\u00eda arrancado la jornada con un tropiezo de tinte burocr\u00e1tico; los apoderados de la n\u00f3mina debieron afrontar una impugnaci\u00f3n de sus adversarios electorales por la denominaci\u00f3n que hab\u00edan escogido para la suya. La hab\u00edan inscripto como &#8220;Santa Fe de Pie&#8221;, pero \u00e9se \u2013 como hab\u00eda advertido El Litoral- es el slogan actual de la gesti\u00f3n del gobernador Omar Perotti, que apadrina e integra la otra oferta electoral del PJ \u2013 Celeste y Blanca-. As\u00ed que en cuesti\u00f3n de horas, &#8220;Santa Fe de Pie&#8221; mut\u00f3 a &#8220;La Santa Fe que queremos&#8221;.<\/p>\n<p>Salvada la situaci\u00f3n, el d\u00eda prosigui\u00f3 con actividades propias de campa\u00f1a. Fotos, notas period\u00edsticas y un almuerzo con los integrantes del equipo. Fue en el Senado; asistieron \u2013 entre otros- Agust\u00edn y Alejandro Rossi, Alejandra Rodenas, Oscar Mart\u00ednez y los senadores provinciales del bloque que preside Armando Traferri. All\u00ed se hab\u00eda convenido, precisamente, bajar los altos decibeles con los que el propio Agust\u00edn Rossi hab\u00eda arrancado la campa\u00f1a a tan s\u00f3lo horas del cierre de listas.<\/p>\n<p>Pero en el v\u00e9rtigo de los tiempos electorales, las cosas volvieron a cambiar r\u00e1pidamente. Rossi hab\u00eda concedido entrevistas durante la tarde en las que sosten\u00eda que segu\u00eda siendo ministro de Defensa de la Naci\u00f3n. Sin embargo, cerca de las 22, desde Per\u00fa y a trav\u00e9s de declaraciones a un canal de televisi\u00f3n porte\u00f1o, el presidente Alberto Fern\u00e1ndez revelaba que los ministros de su gabinete que fueran candidatos deb\u00edan dar un paso al costado. Y \u00e9se es el caso de Rossi. El primer mandatario habl\u00f3 de una &#8220;regla \u00e9tica&#8221;, pero no puede desconocerse que la semana hab\u00eda arrancado con una fuerte intervenci\u00f3n presidencial para que el ahora ex ministro de Defensa bajase la lista. Fue el mismo Fern\u00e1ndez que meses atr\u00e1s, lo hab\u00eda alentado con n\u00fameros en las manos para que compitiese y aceptase la candidatura.<\/p>\n<p><strong>Renuncia televisada<\/strong><\/p>\n<p>Mientras el presidente hablaba, Rossi escuchaba y se enteraba de la novedad tambi\u00e9n desde el set de un canal de TV. &#8220;Me enter\u00e9 por televisi\u00f3n de que si era candidato, deb\u00eda dejar de ser funcionario&#8221;, admiti\u00f3 este jueves Rossi.<\/p>\n<p>La sorpresa del ex jefe de bloque de diputados nacionales del kirchnerismo fue indisimulable. Valor\u00f3 la &#8220;integridad \u00e9tica&#8221; de Fern\u00e1ndez, pero tambi\u00e9n dijo que hablar\u00eda con \u00e9l a su retorno para saber cu\u00e1ndo deber\u00eda presentar la dimisi\u00f3n. La consecuencia inmediata de la decisi\u00f3n presidencial fue que Rossi volvi\u00f3 a la carga con artiller\u00eda pesada. En cuesti\u00f3n de horas, fue echado por tierra el compromiso de no confrontar, y Rossi apunt\u00f3 otra vez sus ca\u00f1ones contra el gobernador Omar Perotti.<\/p>\n<p>Lo acus\u00f3 nuevamente de querer &#8220;robarse&#8221; el peronismo de Santa Fe, de querer &#8220;domesticarlo&#8221; y de tener pr\u00e1cticas &#8220;extorsivas con los intendentes&#8221;; lo tild\u00f3 de &#8220;hegem\u00f3nico&#8221; y le exigi\u00f3 que tome licencia como gobernador, puesto que tambi\u00e9n integra una lista como pre candidato a senador suplente. &#8220;(Con esa pre candidatura) Perotti atenta contra la gobernabilidad; es una verg\u00fcenza institucional y una falta de \u00e9tica grave. Es un conchabo para 2023&#8221;, advirti\u00f3.<\/p>\n<p><strong>Tensi\u00f3n y cuerda floja<\/strong><\/p>\n<p>La beligerancia con la que eligi\u00f3 referirse Rossi nuevamente a la figura del gobernador volvi\u00f3 a poner en jaque la permanencia en el gabinete de los ministros de Gobierno y Cultura. Roberto Sukerman tiene una clara pertenencia al sector de Rossi, en tanto que Jorge Llonch es el esposo de Alejandra Rodenas, pre candidata en la lista opositora a Perotti.<\/p>\n<p>El martes, ante la consulta de El Litoral, el mandatario consideraba que en tanto no fueran candidatos y siguieran desempe\u00f1ando &#8220;bien su funci\u00f3n&#8221;, podr\u00edan mantenerse en sus lugares. Y as\u00ed se lo hicieron saber a ambos desde el entorno de Perotti. Pero la cuerda volvi\u00f3 a tensarse ante la insistencia de Rossi y sus afirmaciones. En la ma\u00f1ana de este jueves se evaluaba en la Casa de Gobierno si era pertinente que permaneciesen en sus puestos dos ministros que al margen de no ser candidatos, comparten un espacio cuyo l\u00edder cuestiona al gobernador por las &#8220;pr\u00e1cticas extorsivas&#8221; de su gesti\u00f3n y \u2013 entre otros aspectos- por su &#8220;falta de \u00e9tica&#8221;.<\/p>\n<p>Hasta hoy, tanto Llonch como Sukerman continuaban con sus agendas respectivas de trabajo y ambos coincidieron en se\u00f1alar a El Litoral que no encuentran razones para dejar sus cargos, puesto que no ostentan candidaturas y son leales a la actual gesti\u00f3n. Pero el tema era analizado en el despacho de Omar Perotti.<\/p>\n<p>Fuente: Ivana Fux &#8211; El Litoral<\/p>\n","protected":false},"excerpt":{"rendered":"<p>Despu\u00e9s de enterarse &#8220;por la televisi\u00f3n&#8221; de que deb\u00eda renunciar, el ex ministro de Defensa confront\u00f3 nuevamente con el gobernador. Le cuestion\u00f3 la falta de \u00e9tica y le exigi\u00f3 que tome licencia por ser tambi\u00e9n candidato. Las declaraciones volvieron a poner en jaque la continuidad de los ministros de Gobierno y Cultura. De tener que [&hellip;]<\/p>\n","protected":false},"author":3,"featured_media":24267,"comment_status":"open","ping_status":"open","sticky":false,"template":"","format":"standard","meta":{"_joinchat":[],"footnotes":""},"categories":[66],"tags":[],"class_list":{"0":"post-24265","1":"post","2":"type-post","3":"status-publish","4":"format-standard","5":"has-post-thumbnail","7":"category-politica"},"_links":{"self":[{"href":"https:\/\/infovera.com.ar\/web\/wp-json\/wp\/v2\/posts\/24265","targetHints":{"allow":["GET"]}}],"collection":[{"href":"https:\/\/infovera.com.ar\/web\/wp-json\/wp\/v2\/posts"}],"about":[{"href":"https:\/\/infovera.com.ar\/web\/wp-json\/wp\/v2\/types\/post"}],"author":[{"embeddable":true,"href":"https:\/\/infovera.com.ar\/web\/wp-json\/wp\/v2\/users\/3"}],"replies":[{"embeddable":true,"href":"https:\/\/infovera.com.ar\/web\/wp-json\/wp\/v2\/comments?post=24265"}],"version-history":[{"count":0,"href":"https:\/\/infovera.com.ar\/web\/wp-json\/wp\/v2\/posts\/24265\/revisions"}],"wp:featuredmedia":[{"embeddable":true,"href":"https:\/\/infovera.com.ar\/web\/wp-json\/wp\/v2\/media\/24267"}],"wp:attachment":[{"href":"https:\/\/infovera.com.ar\/web\/wp-json\/wp\/v2\/media?parent=24265"}],"wp:term":[{"taxonomy":"category","embeddable":true,"href":"https:\/\/infovera.com.ar\/web\/wp-json\/wp\/v2\/categories?post=24265"},{"taxonomy":"post_tag","embeddable":true,"href":"https:\/\/infovera.com.ar\/web\/wp-json\/wp\/v2\/tags?post=24265"}],"curies":[{"name":"wp","href":"https:\/\/api.w.org\/{rel}","templated":true}]}}