{"id":24201,"date":"2021-07-28T17:50:56","date_gmt":"2021-07-28T20:50:56","guid":{"rendered":"https:\/\/infovera.com.ar\/web\/?p=24201"},"modified":"2021-07-28T19:11:51","modified_gmt":"2021-07-28T22:11:51","slug":"el-gobierno-sube-la-presion-sobre-rossi-la-foto-de-los-candidatos-en-santa-fe-avalados-por-alberto-fernandez-y-cristina-kirchner","status":"publish","type":"post","link":"https:\/\/infovera.com.ar\/web\/2021\/07\/28\/el-gobierno-sube-la-presion-sobre-rossi-la-foto-de-los-candidatos-en-santa-fe-avalados-por-alberto-fernandez-y-cristina-kirchner\/","title":{"rendered":"El Gobierno sube la presi\u00f3n sobre Rossi: la foto de los candidatos en Santa Fe avalados por Alberto Fern\u00e1ndez y Cristina Kirchner"},"content":{"rendered":"<header class=\"article-header-wrapper\">\n<div class=\"article-header\">\n<h2 class=\"article-subheadline\">Pocas horas despu\u00e9s de que el ministro de Defensa ratificara su decisi\u00f3n de competir en las PASO, pese al pedido de la Casa Rosada para que se baje, desde el oficialismo trascendi\u00f3 el retrato de la lista acordada con el gobernador santafecino, Omar Perotti<\/h2>\n<div class=\"byline\">\n<div class=\"author-image\"><\/div>\n<div class=\"byline-text-wrapper\"><\/div>\n<\/div>\n<\/div>\n<\/header>\n<article class=\"article\">\n<div class=\"nd-body-article\">\n<div class=\"visual__image \">Los principales candidatos de la lista de Santa Fe que fue avalada por el gobierno nacional<\/div>\n<p class=\"paragraph\">Las horas se caen del reloj y, por el momento, el presidente Alberto Fern\u00e1ndez no pudo concretar su cometido de lograr que el ministro de Defensa,\u00a0<b>Agust\u00edn Rossi<\/b>,<b>\u00a0baje su candidatura a senador nacional en la provincia de Santa Fe<\/b>\u00a0y quede en pie la lista que fue avalada por \u00e9l, Cristina Kirchner y el gobernador santafecino Omar Perotti.<\/p>\n<p class=\"paragraph\">Este mi\u00e9rcoles vence el plazo para ratificar las precandidaturas ante la Justicia y en el rossismo dan por descartado que van a competir en las PASO. Seg\u00fan revel\u00f3<b>\u00a0Infobae<\/b>\u00a0ayer,\u00a0<a href=\"https:\/\/www.infobae.com\/politica\/2021\/07\/27\/en-el-gobierno-admiten-que-podrian-forzar-la-renuncia-de-agustin-rossi-al-ministerio-de-defensa-si-no-baja-su-candidatura-en-santa-fe\/\" target=\"_blank\" rel=\"noopener\">en el Gobierno asumen que podr\u00edan forzar a Rossi a una renuncia si no cumple el pedido del Presidente.<\/a>\u00a0<b>Consideran que es una desautorizaci\u00f3n a la autoridad de Fern\u00e1ndez.<\/b><\/p>\n<div class=\"inline ad-wrapper\">\n<div class=\"dfpAd display_inline_block ad_margin_wrapper\">\n<div id=\"infobae\/politica\/nota\/inline\" class=\"infobae\/politica\/nota\/inline arcad\" data-google-query-id=\"CKyG9frjhvICFawluQYdjk8BQA\">\n<div id=\"google_ads_iframe_\/1058609\/infobae\/politica\/nota\/inline_0__container__\"><\/div>\n<\/div>\n<\/div>\n<\/div>\n<p class=\"paragraph\">En ese contexto, el ministro de Defensa marc\u00f3 la cancha este mi\u00e9rcoles con una frase dirigida al gobierno nacional.<a href=\"https:\/\/www.infobae.com\/politica\/2021\/07\/28\/agustin-rossi-admitio-la-tension-interna-en-el-gabinete-pense-que-los-cambios-eran-por-funcionarios-que-no-funcionan-y-no-por-participar-de-una-eleccion\/\" target=\"_blank\" rel=\"noopener\"><b>\u00a0\u201cPens\u00e9 que los cambios eran por funcionarios que no funcionan y no por participar de una elecci\u00f3n\u201d<\/b><\/a>, dijo, parafraseando a Cristina Kirchner, durante una entrevista. Fue un claro mensaje para defenderse frente a una posible avanzada desde la Casa Rosada para desplazarlo del cargo.<\/p>\n<div class=\"visual__image \"><img loading=\"lazy\" decoding=\"async\" src=\"https:\/\/www.infobae.com\/new-resizer\/b-pUijf2vLA6mwq5IoXVlMwbjZA=\/420x236\/filters:format(jpg):quality(85)\/cloudfront-us-east-1.images.arcpublishing.com\/infobae\/3WIJK6P7UNGU3HOWVP3N2VMGJA.jpg%20420w\" sizes=\"auto, (min-width: 800px) 50vw, 90vw\" srcset=\"https:\/\/www.infobae.com\/new-resizer\/b-pUijf2vLA6mwq5IoXVlMwbjZA=\/420x236\/filters:format(jpg):quality(85)\/cloudfront-us-east-1.images.arcpublishing.com\/infobae\/3WIJK6P7UNGU3HOWVP3N2VMGJA.jpg 420w,https:\/\/www.infobae.com\/new-resizer\/uyaXjBU7SpaBuCLFVyALL15aZHM=\/768x432\/filters:format(jpg):quality(85)\/cloudfront-us-east-1.images.arcpublishing.com\/infobae\/3WIJK6P7UNGU3HOWVP3N2VMGJA.jpg 768w,https:\/\/www.infobae.com\/new-resizer\/HhrgOdV7fB5LMnYPME7UMwhO5v8=\/992x558\/filters:format(jpg):quality(85)\/cloudfront-us-east-1.images.arcpublishing.com\/infobae\/3WIJK6P7UNGU3HOWVP3N2VMGJA.jpg 992w,https:\/\/www.infobae.com\/new-resizer\/xTEMIyNLPLYmtB5ZHrhCZQZ2N64=\/1200x675\/filters:format(jpg):quality(85)\/cloudfront-us-east-1.images.arcpublishing.com\/infobae\/3WIJK6P7UNGU3HOWVP3N2VMGJA.jpg 1200w\" alt=\"Alberto Fern\u00e1ndez llegar\u00e1 ma\u00f1ana a la Argentina y deber\u00e1 decidir c\u00f3mo resolver la interna en Santa Fe (Presidencia)\" width=\"1920\" height=\"1080\" \/>Alberto Fern\u00e1ndez llegar\u00e1 ma\u00f1ana a la Argentina y deber\u00e1 decidir c\u00f3mo resolver la interna en Santa Fe (Presidencia)<\/div>\n<p class=\"paragraph\">\u201cQue Cristina est\u00e9 aliada con Perotti es algo a comprobar y verificar.\u00a0<b>En el caso de que eso sucediese (un acuerdo entre Perotti y Cristina Kirchner), no hay ning\u00fan problema.\u00a0<\/b>Simplemente son diferencias en un proceso electoral interno en la provincia de Santa Fe que hay que desdramatizar\u201d, ampli\u00f3 Rossi durante la entrevista. El mensaje, esta vez, fue para la Vicepresidenta, que cerr\u00f3 la lista con Perotti.<\/p>\n<p class=\"paragraph\">En una rueda de prensa que el Jefe de Gabinete,\u00a0<b>Santiago Cafiero,<\/b>\u00a0brind\u00f3 este mediod\u00eda durante un acto en Almirante Brown,<b>\u00a0<\/b><mark class=\"hl_yellow\"><b>busc\u00f3 bajar el nivel de tensi\u00f3n en las negociaciones<\/b>\u00a0<\/mark>que \u00e9l mismo lleva adelante con el ministro de Defensa para que deponga su actitud de participar en los comicios con una lista paralela a la que tuvo el aval del Gobierno.<\/p>\n<p class=\"paragraph\">Consultado sobre hasta qu\u00e9 momento continuar\u00edan en sus cargos Rossi y Daniel Arroyo, los dos ministros candidatos en esta elecci\u00f3n, respondi\u00f3:<b>\u00a0\u201cSon dos ministros ejemplares. No hay ning\u00fan tipo de definici\u00f3n. Son definiciones que el Presidente va a tomar en su medida y en su tiempo. Hoy no hay nada definido\u201d<\/b>.<\/p>\n<div class=\"visual__image \"><img loading=\"lazy\" decoding=\"async\" src=\"https:\/\/www.infobae.com\/new-resizer\/7bdmZrxF0OeX52Oq_mM5hPPQYCE=\/420x236\/filters:format(jpg):quality(85)\/cloudfront-us-east-1.images.arcpublishing.com\/infobae\/JTIKENQPFBHJREZYEJFBODOLYQ.jpg%20420w\" sizes=\"auto, (min-width: 800px) 50vw, 90vw\" srcset=\"https:\/\/www.infobae.com\/new-resizer\/7bdmZrxF0OeX52Oq_mM5hPPQYCE=\/420x236\/filters:format(jpg):quality(85)\/cloudfront-us-east-1.images.arcpublishing.com\/infobae\/JTIKENQPFBHJREZYEJFBODOLYQ.jpg 420w,https:\/\/www.infobae.com\/new-resizer\/r5lwLTTBqtEfu_qd8nFt6ZRzULQ=\/768x432\/filters:format(jpg):quality(85)\/cloudfront-us-east-1.images.arcpublishing.com\/infobae\/JTIKENQPFBHJREZYEJFBODOLYQ.jpg 768w,https:\/\/www.infobae.com\/new-resizer\/ZMIx2bWiUquNP693KtlLtYxt4NY=\/992x558\/filters:format(jpg):quality(85)\/cloudfront-us-east-1.images.arcpublishing.com\/infobae\/JTIKENQPFBHJREZYEJFBODOLYQ.jpg 992w,https:\/\/www.infobae.com\/new-resizer\/-7ZfX2QwkfB0sYMb2l1RV_NOxJU=\/1200x675\/filters:format(jpg):quality(85)\/cloudfront-us-east-1.images.arcpublishing.com\/infobae\/JTIKENQPFBHJREZYEJFBODOLYQ.jpg 1200w\" alt=\"El Jefe de Gabinete busc\u00f3 este mi\u00e9rcoles bajarle el tenor al conflicto que se gener\u00f3 en el Frente de Todos por la interna en Santa Fe (Foto: Pablo Duberti\/prensa jefatura de gabinete)\" width=\"1920\" height=\"1080\" \/>El Jefe de Gabinete busc\u00f3 este mi\u00e9rcoles bajarle el tenor al conflicto que se gener\u00f3 en el Frente de Todos por la interna en Santa Fe (Foto: Pablo Duberti\/prensa jefatura de gabinete)<\/div>\n<p class=\"paragraph\"><mark class=\"hl_yellow\">Pocas horas despu\u00e9s trascendi\u00f3 una foto de los candidatos que tiene la lista Celeste y Blanca del Frente de Todos:\u00a0<b>Marcelo Lewandowski, Mar\u00eda de los \u00c1ngeles Sacnun y Roberto Mirabella<\/b>.\u00a0<\/mark>No parece una casualidad en medio de una negociaci\u00f3n que tiene altibajos y que tiene dos miradas diferentes. En el rossismo la dan por terminada, mientras que en el Gobierno consideran que sigue abierta.<\/p>\n<p class=\"paragraph\"><b>La imagen fue un mensaje en si mismo<\/b>. Trascendi\u00f3 desde el Gobierno cuando faltan pocas horas para que culmine el plazo para ratificar las candidaturas.\u00a0<mark class=\"hl_yellow\"><b>\u201cEsta es la lista de Alberto, Cristina y Perotti\u201d<\/b><\/mark>, aseguraron desde el entorno de la Vicepresidenta.<b>\u00a0No hubo lugar para Rossi en esa foto.<\/b><\/p>\n<p class=\"paragraph\"><b>Alberto Fern\u00e1ndez no tomar\u00e1 ninguna decisi\u00f3n hasta que no regrese de Per\u00fa.\u00a0<\/b>Reci\u00e9n arribar\u00e1 ma\u00f1ana. Despu\u00e9s se sentar\u00e1 a analizar c\u00f3mo sigue el conflicto que se le gener\u00f3 por la interna no resuelta en Santa Fe.\u00a0<b>Desde hace 48 horas que espera que Rossi de un paso al costado pero no lo logra.<\/b><\/p>\n<p class=\"paragraph\">En definitiva,\u00a0<mark class=\"hl_yellow\">deber\u00e1 resolver si hace pesar su liderazgo y desplaza a Rossi por no haber cumplido con su pedido de bajar la candidatura, o si lo deja competir en la interna y lo mantiene en el cargo.<\/mark>\u00a0Quiz\u00e1s la aventura del ministro culmine en las mismas PASO y el Gobierno, bajando el perfil del conflicto, evite desplazar a un ministro del Gabinete.<\/p>\n<\/div>\n<\/article>\n","protected":false},"excerpt":{"rendered":"<p>Pocas horas despu\u00e9s de que el ministro de Defensa ratificara su decisi\u00f3n de competir en las PASO, pese al pedido de la Casa Rosada para que se baje, desde el oficialismo trascendi\u00f3 el retrato de la lista acordada con el gobernador santafecino, Omar Perotti Los principales candidatos de la lista de Santa Fe que fue [&hellip;]<\/p>\n","protected":false},"author":2,"featured_media":24203,"comment_status":"open","ping_status":"open","sticky":false,"template":"","format":"standard","meta":{"_joinchat":[],"footnotes":""},"categories":[66],"tags":[],"class_list":{"0":"post-24201","1":"post","2":"type-post","3":"status-publish","4":"format-standard","5":"has-post-thumbnail","7":"category-politica"},"_links":{"self":[{"href":"https:\/\/infovera.com.ar\/web\/wp-json\/wp\/v2\/posts\/24201","targetHints":{"allow":["GET"]}}],"collection":[{"href":"https:\/\/infovera.com.ar\/web\/wp-json\/wp\/v2\/posts"}],"about":[{"href":"https:\/\/infovera.com.ar\/web\/wp-json\/wp\/v2\/types\/post"}],"author":[{"embeddable":true,"href":"https:\/\/infovera.com.ar\/web\/wp-json\/wp\/v2\/users\/2"}],"replies":[{"embeddable":true,"href":"https:\/\/infovera.com.ar\/web\/wp-json\/wp\/v2\/comments?post=24201"}],"version-history":[{"count":0,"href":"https:\/\/infovera.com.ar\/web\/wp-json\/wp\/v2\/posts\/24201\/revisions"}],"wp:featuredmedia":[{"embeddable":true,"href":"https:\/\/infovera.com.ar\/web\/wp-json\/wp\/v2\/media\/24203"}],"wp:attachment":[{"href":"https:\/\/infovera.com.ar\/web\/wp-json\/wp\/v2\/media?parent=24201"}],"wp:term":[{"taxonomy":"category","embeddable":true,"href":"https:\/\/infovera.com.ar\/web\/wp-json\/wp\/v2\/categories?post=24201"},{"taxonomy":"post_tag","embeddable":true,"href":"https:\/\/infovera.com.ar\/web\/wp-json\/wp\/v2\/tags?post=24201"}],"curies":[{"name":"wp","href":"https:\/\/api.w.org\/{rel}","templated":true}]}}