{"id":24196,"date":"2021-07-28T18:47:35","date_gmt":"2021-07-28T21:47:35","guid":{"rendered":"https:\/\/infovera.com.ar\/web\/?p=24196"},"modified":"2021-07-29T11:01:42","modified_gmt":"2021-07-29T14:01:42","slug":"jovenes-de-la-ucr-vera-realizan-colecta-solidaria","status":"publish","type":"post","link":"https:\/\/infovera.com.ar\/web\/2021\/07\/28\/jovenes-de-la-ucr-vera-realizan-colecta-solidaria\/","title":{"rendered":"J\u00f3venes de la UCR Vera realizan colecta solidaria"},"content":{"rendered":"<p><strong>J\u00f3venes de la UCR Neo de la ciudad de Vera realizan una colecta de ropa de invierno, calzados y frazadas, que ser\u00e1n donados a todas aquellas personas que lo necesitan.<\/strong><\/p>\n<p>Aquellas personas que deseen donar los elementos que se solicitan, deber\u00e1n acercar sus prendas a la casa radical, ubicada en calle Moreno y Espa\u00f1a o contactarse con los integrantes del espacio a trav\u00e9s de su Facebook: <a href=\"https:\/\/www.facebook.com\/profile.php?id=100071031998127\">JovenesUcr Vera | Facebook<\/a><\/p>\n<p>\u201cComo les anticipamos, una de nuestras prioridades es fomentar solidaridad\u201d expresaron en su perfil social.<\/p>\n<p>Este acto de solidaridad, es encabezado por el grupo de j\u00f3venes de la UCR Neo de la ciudad, el cual es acompa\u00f1ado por el dirigente y precandidato a Concejal, Reynaldo Fabbroni.<\/p>\n","protected":false},"excerpt":{"rendered":"<p>J\u00f3venes de la UCR Neo de la ciudad de Vera realizan una colecta de ropa de invierno, calzados y frazadas, que ser\u00e1n donados a todas aquellas personas que lo necesitan. Aquellas personas que deseen donar los elementos que se solicitan, deber\u00e1n acercar sus prendas a la casa radical, ubicada en calle Moreno y Espa\u00f1a o [&hellip;]<\/p>\n","protected":false},"author":2,"featured_media":24198,"comment_status":"open","ping_status":"open","sticky":false,"template":"","format":"standard","meta":{"_joinchat":[],"footnotes":""},"categories":[53],"tags":[],"class_list":{"0":"post-24196","1":"post","2":"type-post","3":"status-publish","4":"format-standard","5":"has-post-thumbnail","7":"category-vera"},"_links":{"self":[{"href":"https:\/\/infovera.com.ar\/web\/wp-json\/wp\/v2\/posts\/24196","targetHints":{"allow":["GET"]}}],"collection":[{"href":"https:\/\/infovera.com.ar\/web\/wp-json\/wp\/v2\/posts"}],"about":[{"href":"https:\/\/infovera.com.ar\/web\/wp-json\/wp\/v2\/types\/post"}],"author":[{"embeddable":true,"href":"https:\/\/infovera.com.ar\/web\/wp-json\/wp\/v2\/users\/2"}],"replies":[{"embeddable":true,"href":"https:\/\/infovera.com.ar\/web\/wp-json\/wp\/v2\/comments?post=24196"}],"version-history":[{"count":0,"href":"https:\/\/infovera.com.ar\/web\/wp-json\/wp\/v2\/posts\/24196\/revisions"}],"wp:featuredmedia":[{"embeddable":true,"href":"https:\/\/infovera.com.ar\/web\/wp-json\/wp\/v2\/media\/24198"}],"wp:attachment":[{"href":"https:\/\/infovera.com.ar\/web\/wp-json\/wp\/v2\/media?parent=24196"}],"wp:term":[{"taxonomy":"category","embeddable":true,"href":"https:\/\/infovera.com.ar\/web\/wp-json\/wp\/v2\/categories?post=24196"},{"taxonomy":"post_tag","embeddable":true,"href":"https:\/\/infovera.com.ar\/web\/wp-json\/wp\/v2\/tags?post=24196"}],"curies":[{"name":"wp","href":"https:\/\/api.w.org\/{rel}","templated":true}]}}