{"id":24192,"date":"2021-07-28T17:59:30","date_gmt":"2021-07-28T20:59:30","guid":{"rendered":"https:\/\/infovera.com.ar\/web\/?p=24192"},"modified":"2021-07-28T17:59:30","modified_gmt":"2021-07-28T20:59:30","slug":"martorano-agosto-es-el-mes-para-completar-los-esquemas-de-vacunacion","status":"publish","type":"post","link":"https:\/\/infovera.com.ar\/web\/2021\/07\/28\/martorano-agosto-es-el-mes-para-completar-los-esquemas-de-vacunacion\/","title":{"rendered":"Martorano: \u201cAgosto es el mes para completar los esquemas de vacunaci\u00f3n\u201d"},"content":{"rendered":"<p>La ministra de Salud de la provincia, Sonia Martorano, brind\u00f3 detalles este mi\u00e9rcoles de lo acordado durante la reuni\u00f3n del Consejo Federal de Salud (COFESA) llevada adelante este martes en la ciudad de Buenos Aires. En este sentido, ampli\u00f3 c\u00f3mo continuar\u00e1 la vacunaci\u00f3n en la provincia para personas de 12 a 17 a\u00f1os.<\/p>\n<p>En ese marco, Martorano destac\u00f3: \u201cTenemos la directiva a nivel nacional y de nuestro gobernador, Omar Perotti, de acelerar la vacunaci\u00f3n en base a los tiempos que estamos viviendo: por un lado la temperatura, por otro lado el ingreso de la cepa Delta, que se ha dado en el pa\u00eds pero est\u00e1 controlada\u201d.<\/p>\n<p>A su vez, la ministra agreg\u00f3 que a pesar de tener este control sobre esa variante del Coronavirus \u201csabemos que puede haber circulaci\u00f3n y es por eso que desde hace algunas semanas empezamos a acelerar el ritmo de vacunaci\u00f3n para tener un agosto de segundas dosis\u201d. La funcionaria destac\u00f3 que en la provincia \u201chace una semana que iniciamos la aceleraci\u00f3n en el plan de vacunaci\u00f3n para colocar segundas dosis. Tal es as\u00ed, que en el d\u00eda de hoy \u2013 sostuvo &#8211; se aplicar\u00e1n 35 mil vacunas de segundas dosis. Es un n\u00famero interesante\u201d.<\/p>\n<p><strong>ARRIBO DE VACUNAS MODERNA<\/strong><\/p>\n<p>Consultada sobre como se llevar\u00e1 a cabo la distribuci\u00f3n de las vacunas Moderna, la titular de la cartera sanitaria coment\u00f3: \u201cContamos con 3 millones y medio de vacunas del laboratorio Moderna a nivel nacional que van a ser distribuidas y llegar\u00e1n a Santa Fe por lo que debemos coordinar la log\u00edstica de temperatura, ya que se aloja en menos de 21 grados\u201d, detall\u00f3, a la vex que record\u00f3 que \u201ctambi\u00e9n hay una compra de 20 millones de dosis aparte\u201d.<\/p>\n<p>De acuerdo a la log\u00edstica descripta la ministra explic\u00f3 que \u201cla semana que viene saldr\u00edamos a vacunar a todos juntos. La decisi\u00f3n es que se alcanzar\u00e1 a personas de 12 a 17 a\u00f1os con condiciones priorizadas\u201d.<\/p>\n<p><strong>GRUPOS PRIORIZADOS<\/strong><\/p>\n<p>Por su parte, el secretario de Salud, Jorge Prieto aclar\u00f3 que: \u201cDesde hoy se pueden rectificar o ratificar datos, incluidas las comorbilidades que van a ser consideradas en esta poblaci\u00f3n. Es importante considerar que todas las personas que asistan a la vacunaci\u00f3n con consentimiento voluntario entre los 13 y los 17 a\u00f1os o con el consentimiento mediante una declaraci\u00f3n que va a traer el padre o la madre para quienes tengan 12 o 13 a\u00f1os van a asistir siempre que cuenten con las comorbilidades que figuran en la web\u201d.<\/p>\n<p>Las personas comprendidas en este grupo son quienes padecen las siguientes comorbilidades:<\/p>\n<p>\u25cf\u00a0\u00a0\u00a0\u00a0 Diabetes tipo 1 o 2.<\/p>\n<p>\u25cf\u00a0\u00a0\u00a0\u00a0 Obesidad grado 2 (\u00cdndice de Masa Corporal &gt; 35) y grado 3 (\u00cdndice de Masa Corporal &gt; 40).<\/p>\n<p>\u25cf\u00a0\u00a0\u00a0\u00a0 Enfermedad cardiovascular cr\u00f3nica: insuficiencia card\u00edaca, enfermedad coronaria, valvulopat\u00edas, miocardiopat\u00edas, hipertensi\u00f3n pulmonar. Cardiopat\u00edas cong\u00e9nitas.<\/p>\n<p>\u25cf\u00a0\u00a0\u00a0\u00a0 Enfermedad renal cr\u00f3nica (incluidos pacientes en di\u00e1lisis cr\u00f3nica y trasplantes). S\u00edndrome nefr\u00f3tico.<\/p>\n<p>\u25cf\u00a0\u00a0\u00a0\u00a0 Enfermedad respiratoria cr\u00f3nica: enfermedad pulmonar obstructiva cr\u00f3nica (EPOC), fibrosis qu\u00edstica, enfermedad intersticial pulmonar, asma grave. Requerimiento de ox\u00edgeno terapia. Enfermedad grave de la v\u00eda a\u00e9rea. Hospitalizaciones por asma.<\/p>\n<p>\u25cf\u00a0\u00a0\u00a0\u00a0 Enfermedad hep\u00e1tica: Cirrosis. Hepatitis autoinmune.<\/p>\n<p>\u25cf\u00a0\u00a0\u00a0\u00a0 Personas que viven con VIH independientemente del CD4 y CV.<\/p>\n<p>\u25cf\u00a0\u00a0\u00a0\u00a0 Pacientes en lista de espera para trasplante de \u00f3rganos s\u00f3lidos y trasplante de c\u00e9lulas hematopoy\u00e9ticas.<\/p>\n<p>\u25cf\u00a0\u00a0\u00a0\u00a0 Pacientes oncol\u00f3gicos y oncohematol\u00f3gicos con diagn\u00f3stico reciente o \u201cactiva\u201d.<\/p>\n<p>\u25cf\u00a0\u00a0\u00a0\u00a0 Personas con tuberculosis activa.<\/p>\n<p>\u25cf\u00a0\u00a0\u00a0\u00a0 Personas con discapacidad intelectual y del desarrollo.<\/p>\n<p>\u25cf\u00a0\u00a0\u00a0\u00a0 S\u00edndrome de Down.<\/p>\n<p>\u25cf\u00a0\u00a0\u00a0\u00a0 Personas con enfermedades autoinmunes y\/o tratamientos inmunosupresores, inmunomoduladores o biol\u00f3gicos.<\/p>\n<p>\u25cf\u00a0\u00a0\u00a0\u00a0 Adolescentes que viven en lugares de larga estancia.<\/p>\n<p>\u25cf\u00a0\u00a0\u00a0\u00a0 Personas gestantes de 12 a 17 a\u00f1os con indicaci\u00f3n individual.<\/p>\n<p>\u25cf\u00a0\u00a0\u00a0\u00a0 Personas con carnet \u00fanico de discapacidad (CUD) vigente.<\/p>\n<p>\u25cf\u00a0\u00a0\u00a0\u00a0 Personas con pensi\u00f3n de Ans\u00e9s por invalidez aunque no tengan CUD.<\/p>\n<p>\u25cf\u00a0\u00a0\u00a0\u00a0 Personas con pensi\u00f3n de Ans\u00e9s por trasplantes aunque no tengan CUD.<\/p>\n<p><strong>LLEGADA DE SPUTNIK V Y COMBINACI\u00d3N DE VACUNAS<\/strong><\/p>\n<p>Por \u00faltimo, Martorano explic\u00f3 que \u201cprobablemente llegue otro embarque en la semana pr\u00f3xima de Sputnik y como llegan se colocan. Tambi\u00e9n est\u00e1n autorizadas las fases finales en Richmond as\u00ed es que, de la mano de esto, la idea es completar en agosto los esquemas de Sinopharm, AstraZeneca y Sputnik en mayores de 50 y 60 a\u00f1os, mientras se realiza los estudios de combinaci\u00f3n\u201d.<\/p>\n<p>\u201cPfizer y Moderna son dos vacunas de ARN mensajero, es decir, son vacunas con similitudes de muy buena calidad y probablemente puedan ser una muy buena combinaci\u00f3n. Pongo el caso de Alemania que se coloc\u00f3 una dosis de AstraZeneca y otra de Moderna. Pero se realizan los estudios pertinentes\u201d, argument\u00f3 Martorano.<\/p>\n<p>La funcionaria finaliz\u00f3 aclarando que \u201ctambi\u00e9n se ha realizado el pago por parte de la ministra de Salud de Naci\u00f3n para las\u00a0 200 mil dosis de Cansino (es una vacuna de \u00fanica dosis con el componente de la Sputnik 2)\u201d.<\/p>\n","protected":false},"excerpt":{"rendered":"<p>La ministra de Salud de la provincia, Sonia Martorano, brind\u00f3 detalles este mi\u00e9rcoles de lo acordado durante la reuni\u00f3n del Consejo Federal de Salud (COFESA) llevada adelante este martes en la ciudad de Buenos Aires. En este sentido, ampli\u00f3 c\u00f3mo continuar\u00e1 la vacunaci\u00f3n en la provincia para personas de 12 a 17 a\u00f1os. En ese [&hellip;]<\/p>\n","protected":false},"author":2,"featured_media":24194,"comment_status":"open","ping_status":"open","sticky":false,"template":"","format":"standard","meta":{"_joinchat":[],"footnotes":""},"categories":[60,37],"tags":[],"class_list":{"0":"post-24192","1":"post","2":"type-post","3":"status-publish","4":"format-standard","5":"has-post-thumbnail","7":"category-provinciales","8":"category-salud"},"_links":{"self":[{"href":"https:\/\/infovera.com.ar\/web\/wp-json\/wp\/v2\/posts\/24192","targetHints":{"allow":["GET"]}}],"collection":[{"href":"https:\/\/infovera.com.ar\/web\/wp-json\/wp\/v2\/posts"}],"about":[{"href":"https:\/\/infovera.com.ar\/web\/wp-json\/wp\/v2\/types\/post"}],"author":[{"embeddable":true,"href":"https:\/\/infovera.com.ar\/web\/wp-json\/wp\/v2\/users\/2"}],"replies":[{"embeddable":true,"href":"https:\/\/infovera.com.ar\/web\/wp-json\/wp\/v2\/comments?post=24192"}],"version-history":[{"count":0,"href":"https:\/\/infovera.com.ar\/web\/wp-json\/wp\/v2\/posts\/24192\/revisions"}],"wp:featuredmedia":[{"embeddable":true,"href":"https:\/\/infovera.com.ar\/web\/wp-json\/wp\/v2\/media\/24194"}],"wp:attachment":[{"href":"https:\/\/infovera.com.ar\/web\/wp-json\/wp\/v2\/media?parent=24192"}],"wp:term":[{"taxonomy":"category","embeddable":true,"href":"https:\/\/infovera.com.ar\/web\/wp-json\/wp\/v2\/categories?post=24192"},{"taxonomy":"post_tag","embeddable":true,"href":"https:\/\/infovera.com.ar\/web\/wp-json\/wp\/v2\/tags?post=24192"}],"curies":[{"name":"wp","href":"https:\/\/api.w.org\/{rel}","templated":true}]}}