{"id":24188,"date":"2021-07-28T17:54:45","date_gmt":"2021-07-28T20:54:45","guid":{"rendered":"https:\/\/infovera.com.ar\/web\/?p=24188"},"modified":"2021-07-28T17:54:45","modified_gmt":"2021-07-28T20:54:45","slug":"marcos-chino-maidana-sera-precandidato-a-diputado-nacional","status":"publish","type":"post","link":"https:\/\/infovera.com.ar\/web\/2021\/07\/28\/marcos-chino-maidana-sera-precandidato-a-diputado-nacional\/","title":{"rendered":"Marcos &#8220;Chino&#8221; Maidana ser\u00e1 precandidato a diputado nacional"},"content":{"rendered":"<p>El boxeador santafesino confirm\u00f3 su precandidatura por el Partido Popular.<\/p>\n<p>El deportista adelant\u00f3 que brindar\u00e1 una conferencia para brindar m\u00e1s detalles de su decisi\u00f3n.<\/p>\n<p>En desarrollo&#8230;<\/p>\n","protected":false},"excerpt":{"rendered":"<p>El boxeador santafesino confirm\u00f3 su precandidatura por el Partido Popular. El deportista adelant\u00f3 que brindar\u00e1 una conferencia para brindar m\u00e1s detalles de su decisi\u00f3n. En desarrollo&#8230;<\/p>\n","protected":false},"author":2,"featured_media":24190,"comment_status":"open","ping_status":"open","sticky":false,"template":"","format":"standard","meta":{"_joinchat":[],"footnotes":""},"categories":[66],"tags":[],"class_list":{"0":"post-24188","1":"post","2":"type-post","3":"status-publish","4":"format-standard","5":"has-post-thumbnail","7":"category-politica"},"_links":{"self":[{"href":"https:\/\/infovera.com.ar\/web\/wp-json\/wp\/v2\/posts\/24188","targetHints":{"allow":["GET"]}}],"collection":[{"href":"https:\/\/infovera.com.ar\/web\/wp-json\/wp\/v2\/posts"}],"about":[{"href":"https:\/\/infovera.com.ar\/web\/wp-json\/wp\/v2\/types\/post"}],"author":[{"embeddable":true,"href":"https:\/\/infovera.com.ar\/web\/wp-json\/wp\/v2\/users\/2"}],"replies":[{"embeddable":true,"href":"https:\/\/infovera.com.ar\/web\/wp-json\/wp\/v2\/comments?post=24188"}],"version-history":[{"count":0,"href":"https:\/\/infovera.com.ar\/web\/wp-json\/wp\/v2\/posts\/24188\/revisions"}],"wp:featuredmedia":[{"embeddable":true,"href":"https:\/\/infovera.com.ar\/web\/wp-json\/wp\/v2\/media\/24190"}],"wp:attachment":[{"href":"https:\/\/infovera.com.ar\/web\/wp-json\/wp\/v2\/media?parent=24188"}],"wp:term":[{"taxonomy":"category","embeddable":true,"href":"https:\/\/infovera.com.ar\/web\/wp-json\/wp\/v2\/categories?post=24188"},{"taxonomy":"post_tag","embeddable":true,"href":"https:\/\/infovera.com.ar\/web\/wp-json\/wp\/v2\/tags?post=24188"}],"curies":[{"name":"wp","href":"https:\/\/api.w.org\/{rel}","templated":true}]}}