{"id":24168,"date":"2021-07-28T11:14:46","date_gmt":"2021-07-28T14:14:46","guid":{"rendered":"https:\/\/infovera.com.ar\/web\/?p=24168"},"modified":"2021-07-28T11:14:46","modified_gmt":"2021-07-28T14:14:46","slug":"en-el-gobierno-admiten-que-podrian-forzar-la-renuncia-de-agustin-rossi-al-ministerio-de-defensa-si-no-baja-su-candidatura-en-santa-fe","status":"publish","type":"post","link":"https:\/\/infovera.com.ar\/web\/2021\/07\/28\/en-el-gobierno-admiten-que-podrian-forzar-la-renuncia-de-agustin-rossi-al-ministerio-de-defensa-si-no-baja-su-candidatura-en-santa-fe\/","title":{"rendered":"En el Gobierno admiten que podr\u00edan forzar la renuncia de Agust\u00edn Rossi al Ministerio de Defensa si no baja su candidatura en Santa Fe"},"content":{"rendered":"<p><strong>El ministro mantiene la idea de competir en las PASO con la lista que tiene el aval de Alberto Fern\u00e1ndez y Cristina Kirchner. Intent\u00f3 cerrar la unidad con tres propuestas diferentes pero el gobernador Omar Perotti bloque\u00f3 su participaci\u00f3n en la boleta.<\/strong><\/p>\n<p>En el gobierno nacional se viven horas de tensi\u00f3n como consecuencia de una interna no resuelta en la provincia de Santa Fe. El presidente Alberto Fern\u00e1ndez espera que antes de la medianoche el ministro de Defensa, Agust\u00edn Rossi, baje su candidatura a senador nacional para contribuir a la unidad del Frente de Todos en una provincia clave en t\u00e9rminos electorales. Ma\u00f1ana se vence el plazo para poder dar de baja las listas o candidaturas en la justicia electoral.<\/p>\n<p>Tal como adelant\u00f3 Infobae ayer,\u00a0el Jefe de Estado le pidi\u00f3 a Rossi que decline su candidatura y el ministro decidi\u00f3 continuar con su idea de jugar en estos comicios.\u00a0El malestar fue aumentando con el paso de las horas\u00a0y en la Casa Rosada esperan que antes de que termine el d\u00eda el ministro resuelva anular su participaci\u00f3n en las pr\u00f3ximas elecciones.<\/p>\n<p>Desde hace 48 horas el Jefe de Gabinete, Santiago Cafiero, intenta convencer a Rossi que decline su postura y baje la candidatura. El \u201cChivo\u201d mantiene la convicci\u00f3n de competir en las PASO frente a la lista que acordaron el gobernador Omar Perotti y la vicepresidenta Cristina Kirchner, que cont\u00f3 con el avala del Jefe de Estado.<\/p>\n<p>Esa lista lleva al periodista deportivo Marcelo Lewandowski como primer candidato a senador nacional y a Mar\u00eda de los \u00c1ngeles Sacnun como segunda. Fern\u00e1ndez entiende que Rossi, al que hab\u00eda propuesto como candidato en el comienzo de las negociaciones antes del cierre de listas, debe dar un paso al costado solo y terminar con el conflicto.<\/p>\n<p>En el caso de que Rossi no lo haga, en la Casa Rosada asumen que deber\u00e1n tomar una medida frente al desacato del ministro. \u201cSi no se baja implica que desautoriza el pedido que le est\u00e1 haciendo el Presidente\u201d, resalt\u00f3 a\u00a0Infobae\u00a0un funcionario de trato diario con Fern\u00e1ndez.\u00a0Entienden que la \u00fanica forma de responder a esa desautorizaci\u00f3n es desplazar a Rossi de su cargo.<\/p>\n<p>Desde el entorno del ministro aclaran que la discusi\u00f3n est\u00e1 terminada y que no hay ning\u00fan tipo de tensi\u00f3n en la relaci\u00f3n que los une con Santiago Cafiero y Alberto Fern\u00e1ndez. \u201cNos preparamos para competir. Es un tema cerrado\u201d, indicaron a este medio durante la tarde del martes.<\/p>\n<p>En el rossismo no cay\u00f3 bien el mensaje enviado por el ministro del Interior, Eduardo \u201cWado\u201d De Pedro, a trav\u00e9s de una declaraci\u00f3n p\u00fablica. \u201cLamento que el ejemplo de Cristina (Kirchner) de priorizar el inter\u00e9s colectivo por sobre los individuales no haya llegado a todos los dirigentes\u201d, le dijo De Pedro a Iv\u00e1n Schargrodsky en su columna #offtherecords que se publica en el sitio Cenital.<\/p>\n<p>El mensaje del ministro del Interior es el mensaje de Cristina Kirchner, quien el \u00faltimo viernes negoci\u00f3 con Perotti el cierre de la lista en Santa Fe. Es claro y contundente el pedido para que se baje.\u00a0Rossi pretende no entrar en un contrapunto pol\u00edtico\u00a0y decidi\u00f3 que no va a responder el mensaje de De Pedro. Est\u00e1 concentrado en su ministerio y en ver c\u00f3mo dise\u00f1ar\u00e1 la campa\u00f1a electoral.<\/p>\n<p>Incluso, no entienden porqu\u00e9 tom\u00f3 tanto volumen la discusi\u00f3n por su decisi\u00f3n de competir en unas PASO frente a la lista del gobernador santafecino.\u00a0\u201cEn los \u00faltimos a\u00f1os hubo internas en Santa Fe y no pas\u00f3 nada\u201d,\u00a0reflexion\u00f3 en las \u00faltimas horas frente a sus \u00edntimos.<\/p>\n<p>En el coraz\u00f3n del Gobierno reconocen que Rossi intent\u00f3 cerrar una lista de unidad en la que tuviera participaci\u00f3n \u00e9l o alguno de sus socios, y que Perotti bloque\u00f3 su llegada. \u201cOmar se quiso cargar al rossismo en un cierre de listas y nos meti\u00f3 en un problema a todos\u201d, explic\u00f3 un funcionario con despacho en Balcarce 50.<\/p>\n<p>Rossi hizo tres propuestas concretas para tratar de cerrar una lista de unidad. La primera fue encabezar la lista de senadores, la segunda hacer lo mismo con la diputados y la tercera que su socia pol\u00edtica, la vicegobernadora Alejandra Rodenas, sea quien encabece la lista de diputados. Perotti descart\u00f3 todas las opciones e hizo valer su peso pol\u00edtico como gobernador.<\/p>\n<p>Frente a esa postura, el \u201cChivo\u201d decidi\u00f3 competir en las PASO.\u00a0Entendi\u00f3 que lo quisieron borrar del mapa electoral y que ni siquiera y trataron de buscar un acuerdo con \u00e9l para cerrar una lista de unidad.\u00a0Lo sinti\u00f3 como una proscripci\u00f3n.<\/p>\n<p>Cuando Cafiero y Perotti se sentaron en el primer piso de la Casa Rosada cinco d\u00edas atr\u00e1s, el Jefe de Gabinete puso sobre la mesa la idea de que Rossi sea el candidato a senador. \u00bfEl motivo?\u00a0\u201cEs el que mejor med\u00eda en las encuestas\u201d, sostienen en el Gobierno.\u00a0En ese cara a cara Perotti dijo que no quer\u00eda a Rossi en la boleta. Lo defini\u00f3 como un candidato perdedor.\u00a0En definitiva, cree que su presencia lo puede arrastrar a una derrota en la contienda frente al socialismo y Juntos por el Cambio.<\/p>\n<p>Perotti avanz\u00f3 con su idea y cerr\u00f3 la negociaci\u00f3n con Cristina Kirchner, el viernes, en el Senado. Luego le comunic\u00f3 al Presidente el acuerdo que hab\u00edan alcanzado. El cierre lo benefici\u00f3. La cabeza de la lista de senadores (Lewandowski) y la de diputados (Roberto Mirabella) responden a \u00e9l. La segunda senadora es una cristinista pura impulsada por la Vicepresidenta.<\/p>\n<p>En tanto, Rossi hizo tres propuestas concretas para tratar de cerrar una lista de unidad. La primera fue encabezar la lista de senadores, la segunda hacer lo mismo con la diputados y la tercera que su socia pol\u00edtica, la vicegobernadora Alejandra Rodenas, sea quien encabece la lista de diputados.\u00a0Ninguna de las tres fue convalidada por Omar Perotti y el gobierno nacional.<\/p>\n<p>Fuente: Infobae<\/p>\n","protected":false},"excerpt":{"rendered":"<p>El ministro mantiene la idea de competir en las PASO con la lista que tiene el aval de Alberto Fern\u00e1ndez y Cristina Kirchner. Intent\u00f3 cerrar la unidad con tres propuestas diferentes pero el gobernador Omar Perotti bloque\u00f3 su participaci\u00f3n en la boleta. En el gobierno nacional se viven horas de tensi\u00f3n como consecuencia de una [&hellip;]<\/p>\n","protected":false},"author":3,"featured_media":24170,"comment_status":"open","ping_status":"open","sticky":false,"template":"","format":"standard","meta":{"_joinchat":[],"footnotes":""},"categories":[66],"tags":[],"class_list":{"0":"post-24168","1":"post","2":"type-post","3":"status-publish","4":"format-standard","5":"has-post-thumbnail","7":"category-politica"},"_links":{"self":[{"href":"https:\/\/infovera.com.ar\/web\/wp-json\/wp\/v2\/posts\/24168","targetHints":{"allow":["GET"]}}],"collection":[{"href":"https:\/\/infovera.com.ar\/web\/wp-json\/wp\/v2\/posts"}],"about":[{"href":"https:\/\/infovera.com.ar\/web\/wp-json\/wp\/v2\/types\/post"}],"author":[{"embeddable":true,"href":"https:\/\/infovera.com.ar\/web\/wp-json\/wp\/v2\/users\/3"}],"replies":[{"embeddable":true,"href":"https:\/\/infovera.com.ar\/web\/wp-json\/wp\/v2\/comments?post=24168"}],"version-history":[{"count":0,"href":"https:\/\/infovera.com.ar\/web\/wp-json\/wp\/v2\/posts\/24168\/revisions"}],"wp:featuredmedia":[{"embeddable":true,"href":"https:\/\/infovera.com.ar\/web\/wp-json\/wp\/v2\/media\/24170"}],"wp:attachment":[{"href":"https:\/\/infovera.com.ar\/web\/wp-json\/wp\/v2\/media?parent=24168"}],"wp:term":[{"taxonomy":"category","embeddable":true,"href":"https:\/\/infovera.com.ar\/web\/wp-json\/wp\/v2\/categories?post=24168"},{"taxonomy":"post_tag","embeddable":true,"href":"https:\/\/infovera.com.ar\/web\/wp-json\/wp\/v2\/tags?post=24168"}],"curies":[{"name":"wp","href":"https:\/\/api.w.org\/{rel}","templated":true}]}}