{"id":24147,"date":"2021-07-27T18:46:22","date_gmt":"2021-07-27T21:46:22","guid":{"rendered":"https:\/\/infovera.com.ar\/web\/?p=24147"},"modified":"2021-07-27T18:46:22","modified_gmt":"2021-07-27T21:46:22","slug":"griselda-dellavalle-encabezara-la-lista-de-precandidatos-a-concejales-de-sumemos-esfuerzos","status":"publish","type":"post","link":"https:\/\/infovera.com.ar\/web\/2021\/07\/27\/griselda-dellavalle-encabezara-la-lista-de-precandidatos-a-concejales-de-sumemos-esfuerzos\/","title":{"rendered":"Griselda Dellavalle encabezar\u00e1 la lista de precandidatos a Concejales de Sumemos Esfuerzos"},"content":{"rendered":"<p>As\u00ed lo informaron desde el nuevo espacio pol\u00edtico de la ciudad que tiene como representantes a los Concejales Javier Barbona y Eliana Tedini.<\/p>\n<p><strong>EL COMUNICADO:<\/strong><\/p>\n<p>\u201cSUMEMOS POR VERA\u201d: PRECANDIDATOS 2021: Luego de un proceso maravilloso de deliberaci\u00f3n colectiva en conjunto entre los integrantes del Partido, Afiliados, Colaboradores y Vecinos, podemos afirmar que SUMEMOS ESFUERZOS tiene horizonte, y tiene candidatos a concejales para las elecciones 2021. Y queremos compartirlo con vos, con ustedes.<\/p>\n<p>Dos a\u00f1os despu\u00e9s, intentamos profundizar y fortalecer este camino, continuar sumando, y seguir haciendo historia. Porque hay un sue\u00f1o colectivo consolidado que quiere seguir creciendo. Hoy contamos con dos bancas al servicio de la gente: los Concejales Javier Barbona y Eliana Tedini, qui\u00e9nes vienen trabajando intensamente para el bienestar de la comunidad. Somos un partido pol\u00edtico que es movimiento y se mueve. Porque la ciudad y el Distrito, que queremos y nos merecemos la tenemos que construir entre todos y todas.<\/p>\n<p>Nuestra compa\u00f1era Griselda Dellavalle es qui\u00e9n encabezar\u00e1 nuestra propuesta electoral 2021, desde la cual seguiremos impulsando las transformaciones necesarias para hacer de nuestra CIUDAD y el DISTRITO, un mejor lugar para vivir dignamente y proyectar-nos. Los dem\u00e1s integrantes de la Lista son: Pablo Rotela, Carina Correa, Mart\u00edn G\u00f3mez, Andrea Carrizo y Sergio Ghidetti.<\/p>\n<p>Cuando la pol\u00edtica parece alejarse cada d\u00eda m\u00e1s de la gente, nosotros insistimos en que los espacios como el Concejo Deliberante sigan expresando la militancia, los valores y las distintas luchas que sostenemos desde hace a\u00f1os, siendo verdaderas herramientas al servicio de la comunidad, una construcci\u00f3n diaria y constante que se refleje en las acciones de nuestras vidas.<\/p>\n<p>Creemos que para ser alternativa en la Ciudad de Vera y dejar atr\u00e1s viejas formas de la pol\u00edtica tradicional, no es suficiente con presentarse a elecciones. Lo importante, trascendental y transformador es la construcci\u00f3n de un trabajo territorial cotidiano. De abajo hacia arriba, cercano a la gente, como lo venimos haciendo hace m\u00e1s de 20 a\u00f1os. Un trabajo social que de muestras en este presente lo que queremos para el futuro. Por ese camino vamos marchando, con esperanza, alegr\u00eda y convicci\u00f3n.<\/p>\n","protected":false},"excerpt":{"rendered":"<p>As\u00ed lo informaron desde el nuevo espacio pol\u00edtico de la ciudad que tiene como representantes a los Concejales Javier Barbona y Eliana Tedini. EL COMUNICADO: \u201cSUMEMOS POR VERA\u201d: PRECANDIDATOS 2021: Luego de un proceso maravilloso de deliberaci\u00f3n colectiva en conjunto entre los integrantes del Partido, Afiliados, Colaboradores y Vecinos, podemos afirmar que SUMEMOS ESFUERZOS tiene [&hellip;]<\/p>\n","protected":false},"author":2,"featured_media":24149,"comment_status":"open","ping_status":"open","sticky":false,"template":"","format":"standard","meta":{"_joinchat":[],"footnotes":""},"categories":[66],"tags":[],"class_list":{"0":"post-24147","1":"post","2":"type-post","3":"status-publish","4":"format-standard","5":"has-post-thumbnail","7":"category-politica"},"_links":{"self":[{"href":"https:\/\/infovera.com.ar\/web\/wp-json\/wp\/v2\/posts\/24147","targetHints":{"allow":["GET"]}}],"collection":[{"href":"https:\/\/infovera.com.ar\/web\/wp-json\/wp\/v2\/posts"}],"about":[{"href":"https:\/\/infovera.com.ar\/web\/wp-json\/wp\/v2\/types\/post"}],"author":[{"embeddable":true,"href":"https:\/\/infovera.com.ar\/web\/wp-json\/wp\/v2\/users\/2"}],"replies":[{"embeddable":true,"href":"https:\/\/infovera.com.ar\/web\/wp-json\/wp\/v2\/comments?post=24147"}],"version-history":[{"count":0,"href":"https:\/\/infovera.com.ar\/web\/wp-json\/wp\/v2\/posts\/24147\/revisions"}],"wp:featuredmedia":[{"embeddable":true,"href":"https:\/\/infovera.com.ar\/web\/wp-json\/wp\/v2\/media\/24149"}],"wp:attachment":[{"href":"https:\/\/infovera.com.ar\/web\/wp-json\/wp\/v2\/media?parent=24147"}],"wp:term":[{"taxonomy":"category","embeddable":true,"href":"https:\/\/infovera.com.ar\/web\/wp-json\/wp\/v2\/categories?post=24147"},{"taxonomy":"post_tag","embeddable":true,"href":"https:\/\/infovera.com.ar\/web\/wp-json\/wp\/v2\/tags?post=24147"}],"curies":[{"name":"wp","href":"https:\/\/api.w.org\/{rel}","templated":true}]}}