{"id":24102,"date":"2021-07-26T17:24:57","date_gmt":"2021-07-26T20:24:57","guid":{"rendered":"https:\/\/infovera.com.ar\/web\/?p=24102"},"modified":"2021-07-26T17:24:57","modified_gmt":"2021-07-26T20:24:57","slug":"allanamientos-y-detenidos-en-tostado","status":"publish","type":"post","link":"https:\/\/infovera.com.ar\/web\/2021\/07\/26\/allanamientos-y-detenidos-en-tostado\/","title":{"rendered":"Allanamientos y detenidos en Tostado"},"content":{"rendered":"<p>La AIC allan\u00f3 dos domicilios en Tostado (Norte de Santa Fe) y detuvo a 3 personas vinculadas a una causa judicial por Tentativa de Homicidio<\/p>\n<p>&nbsp;<\/p>\n<p>El hecho en el que interviene la Fiscal\u00eda del Dr. H\u00e9ctor Aiello, y la Jueza de Menores Dra. Mar\u00eda Feraudo (Distrito Tostado, Dpto. 9 de Julio), caratulado como \u201cHomicidio en grado de Tentativa\u201d; tuvo la destacada participaci\u00f3n de la Agencia de Investigaci\u00f3n Criminal dependiente del Ministerio de Seguridad provincial.<\/p>\n<p>&nbsp;<\/p>\n<p>En este sentido, mediante el relevo de informaci\u00f3n, cotejo de domicilios, verificaci\u00f3n de identidades y tareas complementarias de inteligencia, los Agentes de la AIC con la colaboraci\u00f3n del Personal Policial de la Polic\u00eda de Santa Fe allanaron dos domicilios.<\/p>\n<p>&nbsp;<\/p>\n<p>Los ALLANAMIENTOS se realizaron en la ciudad de Tostado y producto de los mismos se logr\u00f3 la detenci\u00f3n de 3 personas y el secuestro de elementos que interesan a la causa judicial.<\/p>\n<p>&nbsp;<\/p>\n<p>Resultados Positivos: dan cuenta del secuestro de dos cuchillos de tama\u00f1o mediano, un tel\u00e9fono celular marca SAMSUNG modelo GALAXY A02 plus de similares caracter\u00edsticas al cual fuera sustra\u00eddo a la v\u00edctima al momento de ser atacada. Una CAMPERA DE LANA de color gris y una motocicleta marca MOTOMEL 110 c.c. de color roja la cual fuera utilizada por las mujeres para darse a la fuga luego de cometer el hecho delictivo.<\/p>\n<p>&nbsp;<\/p>\n<p>Lo Destacado: se trata de tres personas, dos mayores de edad (JPT de 30 a\u00f1os y AEL de 22 a\u00f1os) y una menor que se presumen son las implicadas en la Tentativa de Homicidio. De lo actuado y sin mayores dilaciones, se prosiguieron las actuaciones de rigor a disposici\u00f3n de la Justicia.<\/p>\n","protected":false},"excerpt":{"rendered":"<p>La AIC allan\u00f3 dos domicilios en Tostado (Norte de Santa Fe) y detuvo a 3 personas vinculadas a una causa judicial por Tentativa de Homicidio &nbsp; El hecho en el que interviene la Fiscal\u00eda del Dr. H\u00e9ctor Aiello, y la Jueza de Menores Dra. Mar\u00eda Feraudo (Distrito Tostado, Dpto. 9 de Julio), caratulado como \u201cHomicidio [&hellip;]<\/p>\n","protected":false},"author":2,"featured_media":24104,"comment_status":"open","ping_status":"open","sticky":false,"template":"","format":"standard","meta":{"_joinchat":[],"footnotes":""},"categories":[51,30],"tags":[],"class_list":{"0":"post-24102","1":"post","2":"type-post","3":"status-publish","4":"format-standard","5":"has-post-thumbnail","7":"category-locales","8":"category-policiales"},"_links":{"self":[{"href":"https:\/\/infovera.com.ar\/web\/wp-json\/wp\/v2\/posts\/24102","targetHints":{"allow":["GET"]}}],"collection":[{"href":"https:\/\/infovera.com.ar\/web\/wp-json\/wp\/v2\/posts"}],"about":[{"href":"https:\/\/infovera.com.ar\/web\/wp-json\/wp\/v2\/types\/post"}],"author":[{"embeddable":true,"href":"https:\/\/infovera.com.ar\/web\/wp-json\/wp\/v2\/users\/2"}],"replies":[{"embeddable":true,"href":"https:\/\/infovera.com.ar\/web\/wp-json\/wp\/v2\/comments?post=24102"}],"version-history":[{"count":0,"href":"https:\/\/infovera.com.ar\/web\/wp-json\/wp\/v2\/posts\/24102\/revisions"}],"wp:featuredmedia":[{"embeddable":true,"href":"https:\/\/infovera.com.ar\/web\/wp-json\/wp\/v2\/media\/24104"}],"wp:attachment":[{"href":"https:\/\/infovera.com.ar\/web\/wp-json\/wp\/v2\/media?parent=24102"}],"wp:term":[{"taxonomy":"category","embeddable":true,"href":"https:\/\/infovera.com.ar\/web\/wp-json\/wp\/v2\/categories?post=24102"},{"taxonomy":"post_tag","embeddable":true,"href":"https:\/\/infovera.com.ar\/web\/wp-json\/wp\/v2\/tags?post=24102"}],"curies":[{"name":"wp","href":"https:\/\/api.w.org\/{rel}","templated":true}]}}