{"id":24054,"date":"2021-07-25T21:39:43","date_gmt":"2021-07-26T00:39:43","guid":{"rendered":"https:\/\/infovera.com.ar\/web\/?p=24054"},"modified":"2021-07-25T21:39:43","modified_gmt":"2021-07-26T00:39:43","slug":"con-el-peronismo-dividido-dos-listas-se-anotaron-para-competir-en-las-paso-en-santa-fe","status":"publish","type":"post","link":"https:\/\/infovera.com.ar\/web\/2021\/07\/25\/con-el-peronismo-dividido-dos-listas-se-anotaron-para-competir-en-las-paso-en-santa-fe\/","title":{"rendered":"Con el peronismo dividido, dos listas se anotaron para competir en las Paso en Santa Fe"},"content":{"rendered":"<p><strong>Apoyados por Perotti y Cristina, Lewandowski y Sacnun ser\u00e1n precandidatos al Senado; Rossi-Rodenas, la apuesta de Alberto Fern\u00e1ndez.<\/strong><\/p>\n<p>Pese a la l\u00ednea que baj\u00f3 el comando central del Frente de Todos de sellar lista de unidad en todas las provincias, el peronismo santafesino finalmente present\u00f3 dos listas para las Paso: una, auspiciada por el gobernador Omar Perotti y la vicepresidenta Cristina Fern\u00e1ndez; la otra, respaldada por el presidente Alberto Fern\u00e1ndez.<\/p>\n<p>Referentes de los distintos sectores del PJ santafesino y sus aliados terminaron de inscribir ambas n\u00f3minas. La lista impulsada por el gobernador llevar\u00e1 como f\u00f3rmula al Senado al senador provincial Marcelo Lewandowski, perteneciente al espacio de Mar\u00eda Eugenia Bielsa, y la senadora nacional Mar\u00eda de los Angeles Sacnun, integrante del n\u00facleo de confianza de Cristina Fern\u00e1ndez de Kirchner. En la cabeza de la boleta de Diputados aparecer\u00e1 el armador pol\u00edtico y reemplazante de Perotti cuando el ex intendente de Rafaela lleg\u00f3 a la Casa Gris: Roberto Mirabella. Lo secundar\u00e1 Magal\u00ed Mastaler, de La C\u00e1mpora.<\/p>\n<p>Un detalle curioso es que el gobernador se anot\u00f3 como senador suplente. Sin reelecci\u00f3n en 2023, Perotti podr\u00eda volver al Congreso si Lewandowski gana la interna y la banca, y en dos a\u00f1os contin\u00faa su carrera ascendente en un Ejecutivo: el Palacio de los Leones o la Casa Gris. Por ahora es futurolog\u00eda, pero es un escenario posible.<\/p>\n<p>La otra lista llevar\u00e1 como f\u00f3rmula para la C\u00e1mara alta al ministro de Defensa Agust\u00edn Rossi y la vicegobernadora Alejandra Rodenas, que tributa al Nuevo Espacio Santafesino. El primer lugar de la n\u00f3mina para la C\u00e1mara baja era para el concejal rosarino Eduardo Toniolli, referente del Movimiento Evita. El segundo es para Mar\u00eda Luz Rioja, del espacio de Rossi.<\/p>\n<p>Los suplentes para el Senado ser\u00e1n el jefe del bloque del PJ en la C\u00e1mara de Diputados de la provincia, el rossista Leandro Busatto, y la diputada provincial Lucila De Ponti, del Evita.<\/p>\n<p>Desde el mi\u00e9rcoles por la tarde, cuando Perotti se reuni\u00f3 en Casa Rosada con Santiago Cafiero y Eduardo Wado de Pedro, la rosca tom\u00f3 un ritmo vertiginoso. Encuestas en mano, el jefe de Gabinete y el ministro del Interior le plantearon al gobernador que Mirabella no despegaba en las encuestas y que sostenerlo llevaba la estrategia electoral del Frente de Todos a zona de riesgo.<\/p>\n<p>Tambi\u00e9n le remarcaron que para el presidente el mejor candidato para traccionar votos para el peronismo en Santa Fe era -y es- Rossi.<\/p>\n<p>Con el tic tac del reloj electoral cada vez m\u00e1s intenso,\u00a0Perotti busc\u00f3 apoyos en los otros jefes del Frente de Todos: Sergio Massa y Cristina Kirchner. Luego de tallar un acuerdo con la vicepresidenta \u2014interesada seguramente en sostener a Sacnun en el Senado\u2014 el gobernador accedi\u00f3 a rearmar su esquema y movi\u00f3 a su delf\u00edn al cuerpo derecho de la boleta.<\/p>\n<p>Rossi tambi\u00e9n jug\u00f3: reforz\u00f3 la alianza \u2014que se remonta tiempo atr\u00e1s\u2014 con el NES comandado por el senador Armando Traferri y convoc\u00f3 a Rodenas. El viernes, el ex jefe de bloque del Frente para la Victoria en los a\u00f1os dorados del kirchnerismo subi\u00f3 a sus redes sociales una foto con la ex jueza penal y un texto teledirigido al b\u00fanker perottista: \u201cNos unimos para frenar a Macri. Un\u00e1monos para defender a Santa Fe. #SantaFeDePie\u201d.<\/p>\n<p>Ya no hab\u00eda vuelta atr\u00e1s. Sin embargo, durante el s\u00e1bado circularon versiones de todo tipo. Todas iban en el mismo sentido: que la lista Rossi-Rodenas finalmente se bajaba.<\/p>\n<p>En comunicaci\u00f3n con\u00a0La Capital\u00a0el diputado nacional Germ\u00e1n Mart\u00ednez, referente de La Corriente, pidi\u00f3 quitarle dramatismo a que no se haya podido lograr una lista \u00fanica y evitar las lecturas binarias. \u201cEn las dos listas habr\u00e1 funcionarios del gobierno provincial, kirchneristas y rosarinos y santafesinos\u201d, indic\u00f3.<\/p>\n<p>Apoyos<\/p>\n<p>Tras el acto encabezado ayer por Alberto Fern\u00e1ndez y Cristina Kirchner, Sergio Massa se comunic\u00f3 con Agust\u00edn Rossi y le transmiti\u00f3 que el Frente Renovador jugar\u00e1 en su lista: el diputado provincial Oscar Cachi Mart\u00ednez estar\u00e1 tercero en la lista para diputados nacionales.<\/p>\n<p>\u201cLa unidad en la diversidad a veces permite que se construyan consensos, y sino siempre est\u00e1 la v\u00eda democr\u00e1tica\u201d, sostuvo Mart\u00ednez. Y desliz\u00f3: \u201cEn su momento Sergio me dio instrucciones de jugar por adentro y hay que seguir apostando a eso. Las visiones hegem\u00f3nicas le hicieron mucho da\u00f1o al justicialismo\u201d.<\/p>\n<p>En la vereda de enfrente se mostraron sorprendidos por la competencia.\u00a0\u201cNo deja de ser una interna curiosa\u201d, dijo Lewandowski\u00a0a este diario. Y agreg\u00f3: \u201cSi no hay coincidencias habr\u00e1 que ir a las Paso, pero cuando el peronismo fue unido le fue bien. Ahora que la gente elija, y que se cumpla la frase peronista de que \u00abel que gana conduce y el que pierde acompa\u00f1a\u00bb\u201d.<\/p>\n<p>Con derrotas descontadas en la Ciudad Aut\u00f3noma de Buenos Aires, C\u00f3rdoba y Mendoza, y un panorama m\u00e1s favorable en la provincia de Buenos Aires,\u00a0Santa Fe es un distrito grande clave para el gobierno. En la tierra donde el peronismo estuvo doce a\u00f1os en el llano el FdT podr\u00eda retroceder en la elecci\u00f3n del Senado, donde pone en juego las dos bancas de la mayor\u00eda obtenidas en 2015, y podr\u00eda sostener o avanzar casilleros en Diputados, donde logr\u00f3 en 2017 tres de los nueve esca\u00f1os en disputa.<\/p>\n<p>Cristina acord\u00f3 con Perotti que la senadora Mar\u00eda de los Angeles Sacnun vaya en el segundo lugar de la lista para la C\u00e1mara alta<\/p>\n<p><strong>Impacto pol\u00edtico<\/strong><\/p>\n<p>La competencia que afrontar\u00e1 el peronismo santafesino plantea varios interrogantes inquietantes de cara al futuro. Por ejemplo, si las Paso soldar\u00e1n las distintas partes de la maquinaria pol\u00edtica del oficialismo o bien profundizar\u00e1n las tensiones, el v\u00ednculo entre la Casa Gris y la Casa Rosada en medio de una de las peores crisis de la historia argentina, y la relaci\u00f3n entre el presidente y la vice, que ayer compartieron acto en la localidad bonaerense de Escobar y buscaron escenificar la unidad de la coalici\u00f3n.<\/p>\n<p>Otra inc\u00f3gnita no menor es c\u00f3mo repercutir\u00e1n las tensiones en la gesti\u00f3n de Perotti y el entramado institucional de la provincia, ya golpeado. El primer a\u00f1o y medio del PJ en el poder tras tres gobiernos socialistas fue turbulento. Adem\u00e1s de la pandemia, el estilo de conducci\u00f3n del ex alcalde de la Perla del Oeste \u2014cuestionado las otras tribus peronistas como muy cerrado y poco generoso con sus socios\u2014 gener\u00f3 chispazos con otros sectores del PJ, especialmente con los senadores que se convirtieron en un factor de gobernabilidad, sobre todo durante los mandatos de Antonio Bonfatti y Miguel Lifschitz.<\/p>\n<p>En La Corriente \u2014que tiene a un hombre de su espacio, Roberto Sukerman, al frente de la estrat\u00e9gica cartera de Gobierno\u2014\u00a0aseguran que la interna no impactar\u00e1 en la marcha de la administraci\u00f3n Perotti. \u201cLa gesti\u00f3n va a seguir como hasta hoy, nuestros compa\u00f1eros van a seguir integrando el gabinete; tenemos la posibilidad de dar un salto institucional, atravesando las tensiones\u201d, dice un integrante de la mesa chica del ministro de Defensa.<\/p>\n<p>Proscripci\u00f3n<\/p>\n<p>No obstante, en el rossismo plantean que al aceptar que Mirabella migre a Diputados Perotti blanque\u00f3 que el problema, en el fondo, era el ministro. \u201cHay un intento de proscripci\u00f3n pol\u00edtica del principal socio\u201d, disparan.<\/p>\n<p>En la libreta tienen anotados varios \u00edtem m\u00e1s: su aporte a la campa\u00f1a del gobernador (cuando ideol\u00f3gicamente pod\u00edan estar m\u00e1s cerca de Mar\u00eda Eugenia Bielsa), su apoyo al gabinete \u2014sobre todo al incendiario Sain\u2014, incluso el aporte con recursos de Defensa al combate a la pandemia, cuando la disponibilidad de camas trep\u00f3 a un nivel cr\u00edtico. Igual, un dirigente de La Corriente subraya: \u201cHemos sido sostenedores de la gesti\u00f3n y vamos a seguir bancando al gobierno, a pesar de que nos destrate\u201d.<\/p>\n<p>Fuente: La Capital<\/p>\n","protected":false},"excerpt":{"rendered":"<p>Apoyados por Perotti y Cristina, Lewandowski y Sacnun ser\u00e1n precandidatos al Senado; Rossi-Rodenas, la apuesta de Alberto Fern\u00e1ndez. Pese a la l\u00ednea que baj\u00f3 el comando central del Frente de Todos de sellar lista de unidad en todas las provincias, el peronismo santafesino finalmente present\u00f3 dos listas para las Paso: una, auspiciada por el gobernador [&hellip;]<\/p>\n","protected":false},"author":3,"featured_media":24059,"comment_status":"open","ping_status":"open","sticky":false,"template":"","format":"standard","meta":{"_joinchat":[],"footnotes":""},"categories":[1],"tags":[],"class_list":{"0":"post-24054","1":"post","2":"type-post","3":"status-publish","4":"format-standard","5":"has-post-thumbnail","7":"category-sin-categoria"},"_links":{"self":[{"href":"https:\/\/infovera.com.ar\/web\/wp-json\/wp\/v2\/posts\/24054","targetHints":{"allow":["GET"]}}],"collection":[{"href":"https:\/\/infovera.com.ar\/web\/wp-json\/wp\/v2\/posts"}],"about":[{"href":"https:\/\/infovera.com.ar\/web\/wp-json\/wp\/v2\/types\/post"}],"author":[{"embeddable":true,"href":"https:\/\/infovera.com.ar\/web\/wp-json\/wp\/v2\/users\/3"}],"replies":[{"embeddable":true,"href":"https:\/\/infovera.com.ar\/web\/wp-json\/wp\/v2\/comments?post=24054"}],"version-history":[{"count":0,"href":"https:\/\/infovera.com.ar\/web\/wp-json\/wp\/v2\/posts\/24054\/revisions"}],"wp:featuredmedia":[{"embeddable":true,"href":"https:\/\/infovera.com.ar\/web\/wp-json\/wp\/v2\/media\/24059"}],"wp:attachment":[{"href":"https:\/\/infovera.com.ar\/web\/wp-json\/wp\/v2\/media?parent=24054"}],"wp:term":[{"taxonomy":"category","embeddable":true,"href":"https:\/\/infovera.com.ar\/web\/wp-json\/wp\/v2\/categories?post=24054"},{"taxonomy":"post_tag","embeddable":true,"href":"https:\/\/infovera.com.ar\/web\/wp-json\/wp\/v2\/tags?post=24054"}],"curies":[{"name":"wp","href":"https:\/\/api.w.org\/{rel}","templated":true}]}}